{"id":154983,"date":"2016-08-23T10:32:23","date_gmt":"2016-08-23T08:32:23","guid":{"rendered":"http:\/\/blogs.piratech.de\/treptow-koepenick\/?p=154983"},"modified":"2016-09-14T01:13:47","modified_gmt":"2016-09-13T23:13:47","slug":"wahlplakate-from-hell","status":"publish","type":"post","link":"https:\/\/blogs.piratech.de\/treptow-koepenick\/2016\/08\/23\/wahlplakate-from-hell\/","title":{"rendered":"Wahlplakate from Hell &#8211; Unsere Bezirksmotive!"},"content":{"rendered":"<p>In Treptow-K\u00f6penick werden ab dem 23.08. sehr individuelle Plakate gehangen, die wir euch hier gerne zeigen! Einige basieren auf Vorlagen, wie die zum Spreepark oder zu den Fahrradstra\u00dfen. Viele sind einzeln angefertigte Unikate mit Seriennummern! Wenn du ein Plakat mit Nummer siehst, kannst du sie hier suchen!<\/p>\n<h1>0 Lollapalooza<\/h1>\n<p>Die Tagespolitik zwingt uns, zu Lollapalooza Stellung zu nehmen:<\/p>\n<h2><strong>0.1 Freie Ufer f\u00fcr freie B\u00fcrger &#8211; auch beim Auf-\/Abbau eines Festivals<\/strong><\/h2>\n<p><strong>Plakate: #202, #204, #207, #210, #217, #221<\/strong><\/p>\n<blockquote class=\"twitter-tweet\" data-width=\"500\" data-dnt=\"true\">\n<p lang=\"de\" dir=\"ltr\">Drei Wochen Vollsperrung ohne Ank\u00fcndigung&#8230; <a href=\"https:\/\/twitter.com\/hashtag\/lollaberlin?src=hash&amp;ref_src=twsrc%5Etfw\">#lollaberlin<\/a> <a href=\"https:\/\/twitter.com\/hashtag\/WahlplakateFromHell?src=hash&amp;ref_src=twsrc%5Etfw\">#WahlplakateFromHell<\/a> <a href=\"https:\/\/twitter.com\/hashtag\/bvvtk?src=hash&amp;ref_src=twsrc%5Etfw\">#bvvtk<\/a> <a href=\"https:\/\/twitter.com\/hashtag\/agh16?src=hash&amp;ref_src=twsrc%5Etfw\">#agh16<\/a> <a href=\"https:\/\/t.co\/krGrhj3lI3\">pic.twitter.com\/krGrhj3lI3<\/a><\/p>\n<p>&mdash; Piraten TK (@Piraten_TK) <a href=\"https:\/\/twitter.com\/Piraten_TK\/status\/771097558911442944?ref_src=twsrc%5Etfw\">August 31, 2016<\/a><\/p><\/blockquote>\n<p><script async src=\"https:\/\/platform.twitter.com\/widgets.js\" charset=\"utf-8\"><\/script><\/p>\n<p>Es gab am 14.07. eine B\u00fcrgerversammlung im Rathaus Treptow, auf der den interessierten (und auch kritischen) Einwohnern erkl\u00e4rt wurde, dass w\u00e4hrend der Auf- und Abbauarbeiten einige Teile nicht benutzbar sind, aber der Park als ganzes noch zug\u00e4ngig bleibt. Seit der Genehmigung gab es keinerlei Information, dass dies nun anders wird, geschweige denn Dialoge. Der Veranstalter informierte die Anwohner dar\u00fcber, dass Parkpl\u00e4tze wegfallen und \u00fcber Stra\u00dfensperrungen. Die Sperrung weiter Teile des Parks (insb. der Uferweg) war nur vor Ort sp\u00fcrbar &#8211; bspw. durch Z\u00e4une, Ordner und diversen Hinweissschildern.<\/p>\n<h2><strong>0.2 2 Spielpl\u00e4tze gesperrt. F\u00fcr 3 Wochen. Unangek\u00fcndigt. Der Uferweg auch.\u00a0<\/strong><\/h2>\n<p><strong>SPD-Informationspolitik<\/strong><\/p>\n<p><strong>Plakate: #203, #208<\/strong><\/p>\n<blockquote class=\"twitter-tweet\" data-width=\"500\" data-dnt=\"true\">\n<p lang=\"de\" dir=\"ltr\">Und es ist Sommer, Schulferien. <a href=\"https:\/\/twitter.com\/hashtag\/WahlplakateFromHell?src=hash&amp;ref_src=twsrc%5Etfw\">#WahlplakateFromHell<\/a> <a href=\"https:\/\/twitter.com\/hashtag\/bvvtk?src=hash&amp;ref_src=twsrc%5Etfw\">#bvvtk<\/a> <a href=\"https:\/\/twitter.com\/hashtag\/agh16?src=hash&amp;ref_src=twsrc%5Etfw\">#agh16<\/a> <a href=\"https:\/\/t.co\/VzearyH480\">pic.twitter.com\/VzearyH480<\/a><\/p>\n<p>&mdash; Piraten TK (@Piraten_TK) <a href=\"https:\/\/twitter.com\/Piraten_TK\/status\/771097874339926018?ref_src=twsrc%5Etfw\">August 31, 2016<\/a><\/p><\/blockquote>\n<p><script async src=\"https:\/\/platform.twitter.com\/widgets.js\" charset=\"utf-8\"><\/script><\/p>\n<p>Siehe 0.1<\/p>\n<h2><strong>0.3 SPD ist, wenn aus 2 Tagen Parksperrung 3 Wochen werden. Unangek\u00fcndigt.<\/strong><\/h2>\n<p><strong>Plakate: #205<\/strong><\/p>\n<blockquote class=\"twitter-tweet\" data-width=\"500\" data-dnt=\"true\">\n<p lang=\"de\" dir=\"ltr\">Man muss neidlos zugeben: der Clou ist gegl\u00fcckt, Anwohner vor dem Kopf zu sto\u00dfen <a href=\"https:\/\/twitter.com\/hashtag\/WahlplakateFromHell?src=hash&amp;ref_src=twsrc%5Etfw\">#WahlplakateFromHell<\/a> <a href=\"https:\/\/twitter.com\/hashtag\/bvvtk?src=hash&amp;ref_src=twsrc%5Etfw\">#bvvtk<\/a> <a href=\"https:\/\/twitter.com\/hashtag\/agh16?src=hash&amp;ref_src=twsrc%5Etfw\">#agh16<\/a> <a href=\"https:\/\/t.co\/PwzhPyHrfD\">pic.twitter.com\/PwzhPyHrfD<\/a><\/p>\n<p>&mdash; Piraten TK (@Piraten_TK) <a href=\"https:\/\/twitter.com\/Piraten_TK\/status\/771099463708532736?ref_src=twsrc%5Etfw\">August 31, 2016<\/a><\/p><\/blockquote>\n<p><script async src=\"https:\/\/platform.twitter.com\/widgets.js\" charset=\"utf-8\"><\/script><\/p>\n<p>Siehe 0.1<\/p>\n<p>Anekdote dazu: Wir zeigten dieses Plakat zuvor im Treptower Park in einem noch offenen Teil des Parks &#8211; und wurden von einem den Piraten nicht wohlgesonnen Menschen schon ausgelacht. Er lief direkt auf die Sperre zu. Wir h\u00e4tten nur zu gerne sein Gesicht gesehen&#8230;<\/p>\n<h2><strong>0.4. Der Bescheid f\u00fcr Lollapalooza ist in deinem Bezirk nicht verf\u00fcgbar!<\/strong><\/h2>\n<p><strong>Plakate: #201, #209<\/strong><\/p>\n<blockquote class=\"twitter-tweet\" data-width=\"500\" data-dnt=\"true\">\n<p lang=\"de\" dir=\"ltr\">Damit niemand wei\u00df, ob die Absperrungen legal sind oder nicht&#8230; <a href=\"https:\/\/twitter.com\/hashtag\/WahlplakateFromHell?src=hash&amp;ref_src=twsrc%5Etfw\">#WahlplakateFromHell<\/a> <a href=\"https:\/\/twitter.com\/hashtag\/bvvtk?src=hash&amp;ref_src=twsrc%5Etfw\">#bvvtk<\/a> <a href=\"https:\/\/twitter.com\/hashtag\/agh16?src=hash&amp;ref_src=twsrc%5Etfw\">#agh16<\/a> <a href=\"https:\/\/t.co\/zvkTyVrPfN\">pic.twitter.com\/zvkTyVrPfN<\/a><\/p>\n<p>&mdash; Piraten TK (@Piraten_TK) <a href=\"https:\/\/twitter.com\/Piraten_TK\/status\/771098286560276481?ref_src=twsrc%5Etfw\">August 31, 2016<\/a><\/p><\/blockquote>\n<p><script async src=\"https:\/\/platform.twitter.com\/widgets.js\" charset=\"utf-8\"><\/script><\/p>\n<p>Sie m\u00f6chten pr\u00fcfen, ob die Sperrung des Parks legal oder illegal erfolgt? Dazu brauchen sie den Bescheid. Doch den bekommen sie nicht so einfach. Sie k\u00f6nnen einen Anfrage gem\u00e4\u00df Informationsfreiheitsgesetz (IFG-Anfrage) stellen, das kostet Zeit und mitunter auch Geb\u00fchren. Wie wissen, dass es anders geht. Beispielsweise in Hamburg. Dort gibt es das Transparenzgesetz. Dies basierte auf einem Volksbegehren von\u00a0Mehr Demokratie, Transparency International und Piratenpartei. Aus Angst, einen Volksentscheid zur Bundestagswahl durchzuf\u00fchren, hat die SPD dieses Gesetz beschlossen &#8211; und seit dem sind solche Dokumente online f\u00fcr alle zug\u00e4nglich. Da m\u00fcssen wir hin!<\/p>\n<h2><strong>0.5. Busverkehr zu Lollapallooza eingestellt<\/strong><\/h2>\n<p><strong>Weil Bauampel f\u00fcr 2 Tage zu aufwendig ist.<\/strong><\/p>\n<p>Plakate: #206, #211<\/p>\n<blockquote class=\"twitter-tweet\" data-width=\"500\" data-dnt=\"true\">\n<p lang=\"de\" dir=\"ltr\"><a href=\"https:\/\/twitter.com\/hashtag\/lollaberlin?src=hash&amp;ref_src=twsrc%5Etfw\">#lollaberlin<\/a> schneidet Anwohner ab. @cjgaebler sagt,warum <a href=\"https:\/\/t.co\/W29hPANMXC\">https:\/\/t.co\/W29hPANMXC<\/a> <a href=\"https:\/\/twitter.com\/hashtag\/WahlplakateFromHell?src=hash&amp;ref_src=twsrc%5Etfw\">#WahlplakateFromHell<\/a> <a href=\"https:\/\/twitter.com\/hashtag\/bvvtk?src=hash&amp;ref_src=twsrc%5Etfw\">#bvvtk<\/a> <a href=\"https:\/\/twitter.com\/hashtag\/agh16?src=hash&amp;ref_src=twsrc%5Etfw\">#agh16<\/a> <a href=\"https:\/\/t.co\/tA3MBlzhd7\">pic.twitter.com\/tA3MBlzhd7<\/a><\/p>\n<p>&mdash; Piraten TK (@Piraten_TK) <a href=\"https:\/\/twitter.com\/Piraten_TK\/status\/771097279134564352?ref_src=twsrc%5Etfw\">August 31, 2016<\/a><\/p><\/blockquote>\n<p><script async src=\"https:\/\/platform.twitter.com\/widgets.js\" charset=\"utf-8\"><\/script><\/p>\n<p>\u00dcberraschung: an den beiden Tagen wird der Busverkehr g\u00e4nzlich eingestellt. Aber nicht, dass das Bezirksamt (als Genehmigungsbeh\u00f6rde) oder die Veranstalter informieren. Diese Info finden sie in der <a href=\"http:\/\/www.bvg.de\/de\/index.php?section=downloads&amp;cmd=extra:78:2:1&amp;download=2162\">BVG-Linienabweichungsbrosch\u00fcre<\/a>. Und warum? Weil die Stra\u00dfe nur stadtausw\u00e4rts betrieben wird. Die Richtung stadteinw\u00e4rts gibt es nicht. Auch das steht nirgends &#8211; und ist zugegebenerma\u00dfen die n\u00e4chste dumme Idee, denn die Ausweichstra\u00dfe in der Kiefholzstra\u00dfe hat ebenso Baustellen.<\/p>\n<p>Nun fragte ich Staatssekret\u00e4r Christian G\u00e4bler:<\/p>\n<p>https:\/\/twitter.com\/cjgaebler\/status\/770357144319295488<\/p>\n<p>Mit anderen Worten: die Verkehrslenkung Berlin bekommt es nicht auf die Reihe, wegen zwei Tagen eine Baustellenampel zu installieren (deren Aufwand sogar dem Veranstalter in Rechnung gestellt werden k\u00f6nnte). <a href=\"http:\/\/www.urbanist-magazin.de\/2014\/10\/berliner-zustaende-die-verkehrslenkung-berlin\">Mehr zu seiner Beh\u00f6rde.<\/a><\/p>\n<p>&nbsp;<\/p>\n<h2><strong>0.6 WANTED &#8211; Lollapalooza-Bescheid. Dear or Alive<\/strong><\/h2>\n<p>Dieses Plakate gibt es auch in dt. \u00dcbersetzung.<\/p>\n<p><strong>Plakate: #216, #237, &#8230;<\/strong><\/p>\n<blockquote class=\"twitter-tweet\" data-width=\"500\" data-dnt=\"true\">\n<p lang=\"de\" dir=\"ltr\">Wir wollen den Geheimbescheid zu <a href=\"https:\/\/twitter.com\/hashtag\/lollapalooza?src=hash&amp;ref_src=twsrc%5Etfw\">#lollapalooza<\/a> <a href=\"https:\/\/twitter.com\/hashtag\/WahlplakateFromHell?src=hash&amp;ref_src=twsrc%5Etfw\">#WahlplakateFromHell<\/a> <a href=\"https:\/\/twitter.com\/hashtag\/bvvtk?src=hash&amp;ref_src=twsrc%5Etfw\">#bvvtk<\/a> <a href=\"https:\/\/twitter.com\/hashtag\/agh16?src=hash&amp;ref_src=twsrc%5Etfw\">#agh16<\/a> <a href=\"https:\/\/twitter.com\/hashtag\/lollaberlin?src=hash&amp;ref_src=twsrc%5Etfw\">#lollaberlin<\/a> <a href=\"https:\/\/t.co\/wMDtTEvTNO\">pic.twitter.com\/wMDtTEvTNO<\/a><\/p>\n<p>&mdash; Piraten TK (@Piraten_TK) <a href=\"https:\/\/twitter.com\/Piraten_TK\/status\/772069297782976512?ref_src=twsrc%5Etfw\">September 3, 2016<\/a><\/p><\/blockquote>\n<p><script async src=\"https:\/\/platform.twitter.com\/widgets.js\" charset=\"utf-8\"><\/script><\/p>\n<p>Wir sind der Meinung, dass solche Dokumente \u00f6ffentlich geh\u00f6ren. Daher das Plakat!\u00a0Wir haben dieses Wahlplakat \u00fcbrigens vor der Wahl schon erf\u00fcllt. Unser Kandidat f\u00fcr Wahlkreis 1 <a href=\"http:\/\/renephoenix.de\/akteneinsicht-zu-lollapalooza\">ver\u00f6ffentlichte den Bescheid<\/a>.<\/p>\n<h1>1. Mietenpolitik<\/h1>\n<h2><strong>1.1. M\u00fcnchner Mietpreise in Treptow<\/strong><\/h2>\n<p><strong>CDU will M\u00fcnchner Mietpreise in Alt-Treptow. Irre!<\/strong><\/p>\n<p><strong>Plakate: #019, #020, #021, #022, #023, #172<\/strong><\/p>\n<blockquote class=\"twitter-tweet\" data-width=\"500\" data-dnt=\"true\">\n<p lang=\"de\" dir=\"ltr\">Wir erinnern die CDU an ihre eigenen Worte&#8230; <a href=\"https:\/\/twitter.com\/hashtag\/WahlplakateFromHell?src=hash&amp;ref_src=twsrc%5Etfw\">#WahlplakateFromHell<\/a> <a href=\"https:\/\/twitter.com\/hashtag\/bvvtk?src=hash&amp;ref_src=twsrc%5Etfw\">#bvvtk<\/a> <a href=\"https:\/\/t.co\/5UESbXkOoi\">pic.twitter.com\/5UESbXkOoi<\/a><\/p>\n<p>&mdash; Piraten TK (@Piraten_TK) <a href=\"https:\/\/twitter.com\/Piraten_TK\/status\/768078652231778304?ref_src=twsrc%5Etfw\">August 23, 2016<\/a><\/p><\/blockquote>\n<p><script async src=\"https:\/\/platform.twitter.com\/widgets.js\" charset=\"utf-8\"><\/script><\/p>\n<p>Wie haben diese These nicht erfunden. Das sagte Christian Schild, Fraktionsvorsitzender der CDU, w\u00f6rtlich in der BVV am 31.03.2013:<\/p>\n<blockquote><p>M\u00fcnchen ist eine wundersch\u00f6ne, friedliche, lebendige, junge Stadt. Wenn wir jemals an die Mieten von M\u00fcnchen heranreichen in Treptow-Nord, dann wird das m\u00f6glicherweise auch eine prosperierende, wunderbare, sozialegerechte und sch\u00f6ne Region werden.<\/p><\/blockquote>\n<p>Wer uns nicht glaubt, <a href=\"http:\/\/www.berlin.de\/ba-treptow-koepenick\/politik-und-verwaltung\/bezirksverordnetenversammlung\/sitzungen\/audioprotokolle\/artikel.140738.php\">darf das gerne anh\u00f6ren!<\/a> Dank uns gibt es seit Oktober 2012 die Audioprotokolle auch online!<\/p>\n<h2><strong>1.2. SPD verschleppte Milieuschutz<\/strong><\/h2>\n<p><strong>Mieten explodieren, weil SPD den Milieuschutz verschleppte.<\/strong><\/p>\n<p><strong>Plakate: #024, #025, #026, #027, #028<\/strong><\/p>\n<blockquote class=\"twitter-tweet\" data-width=\"500\" data-dnt=\"true\">\n<p lang=\"de\" dir=\"ltr\">Die SPD will auch M\u00fcnchner mietpreise, sie darf es nur nicht so sagen&#8230; <a href=\"https:\/\/twitter.com\/hashtag\/WahlplakateFromHell?src=hash&amp;ref_src=twsrc%5Etfw\">#WahlplakateFromHell<\/a> <a href=\"https:\/\/twitter.com\/hashtag\/bvvtk?src=hash&amp;ref_src=twsrc%5Etfw\">#bvvtk<\/a> <a href=\"https:\/\/t.co\/gcypfh4wKq\">pic.twitter.com\/gcypfh4wKq<\/a><\/p>\n<p>&mdash; Piraten TK (@Piraten_TK) <a href=\"https:\/\/twitter.com\/Piraten_TK\/status\/768079015798247425?ref_src=twsrc%5Etfw\">August 23, 2016<\/a><\/p><\/blockquote>\n<p><script async src=\"https:\/\/platform.twitter.com\/widgets.js\" charset=\"utf-8\"><\/script><\/p>\n<p>W\u00e4hrend die CDU uns mit ihrer Ehrlichkeit nahezu schockierte, kann sich die SPD solche Worte nat\u00fcrlich nicht erlauben! Noch im Mai 2013 (nach \u00fcber einj\u00e4hriger Debatte) war<a href=\"https:\/\/www.berlin.de\/ba-treptow-koepenick\/politik-und-verwaltung\/bezirksverordnetenversammlung\/online\/vo020.asp?VOLFDNR=4185\"> der kleinste gemeinsame Kompromiss eine kostenneutrale Forschungsarbeit<\/a>.\u00a0 Damit gaben sich die Bewohnerinnen und Bewohner in Alt-Treptow nicht zufrieden und sammelten 1.300 Unterschriften <a href=\"http:\/\/www.berlin.de\/ba-treptow-koepenick\/politik-und-verwaltung\/bezirksverordnetenversammlung\/online\/vo020.asp?VOLFDNR=4766&amp;options=4\">f\u00fcr einen Einwohnerantrag<\/a>. Immerhin: es machte Eindruck bei der SPD, der Antrag wurde angenommen. Die Gr\u00fcnen legten im September 2014 nach und forderten <a href=\"http:\/\/www.berlin.de\/ba-treptow-koepenick\/politik-und-verwaltung\/bezirksverordnetenversammlung\/online\/vo020.asp?VOLFDNR=4901\">einen Aufstellungsbeschluss ein<\/a>, doch diesen Beschluss ignorierte SPD-Baustadtrat H\u00f6lmer. In diesem Jahr gab es nun &#8211; wegen Fehlern &#8211; vier Beschlussvorlagen, so dass der Milieuschutz erst seit Anfang Juli greift.<\/p>\n<p>Doch zwischendurch wurden l\u00e4ngst die Weichen gestellt, dass die Wirkung geringer ausf\u00e4llt:<a href=\"https:\/\/www.berlin.de\/ba-treptow-koepenick\/politik-und-verwaltung\/bezirksverordnetenversammlung\/online\/ka020.asp?KALFDNR=3375\"> laut Piratenanfrage wurden 7 Wohnungen zu Gewerbe umfunktioniert<\/a>, zudem wurden Abgeschlossenheitsbescheinigungen ausgestellt, mit der Mietwohnungen zu Eigentumswohnungen umgewandelt werden k\u00f6nnen. \u00dcbrigens nicht nur in Alt-Treptow, das passierte auch in Neuk\u00f6lln.<\/p>\n<p><a href=\"http:\/\/renephoenix.de\/erhaltungssatzung\">Die gesamte Story zum Milieuschutz<\/a>.<\/p>\n<h3><strong>1.3. Neubau nur mit Soziale Wohnungen<\/strong><\/h3>\n<p><strong>Neubau ohne soziele Wohnungen? Nicht mit uns!<\/strong><\/p>\n<p><strong>Plakate: #007, #008, #009, #010, #011, #012, #013, #014<br \/>\n<\/strong><\/p>\n<blockquote class=\"twitter-tweet\" data-width=\"500\" data-dnt=\"true\">\n<p lang=\"de\" dir=\"ltr\">Wir blicken auf 220 zuk\u00fcnftige Wohnungen, 0 davon sozialvertr\u00e4glich. Mit tollen Ausreden. <a href=\"https:\/\/twitter.com\/hashtag\/WahlplakateFromHell?src=hash&amp;ref_src=twsrc%5Etfw\">#WahlplakateFromHell<\/a> <a href=\"https:\/\/t.co\/9UIzguj3qr\">pic.twitter.com\/9UIzguj3qr<\/a><\/p>\n<p>&mdash; Piraten TK (@Piraten_TK) <a href=\"https:\/\/twitter.com\/Piraten_TK\/status\/768052749959299073?ref_src=twsrc%5Etfw\">August 23, 2016<\/a><\/p><\/blockquote>\n<p><script async src=\"https:\/\/platform.twitter.com\/widgets.js\" charset=\"utf-8\"><\/script><\/p>\n<p>Unser Bezirksamt ist stolz darauf, <a href=\"https:\/\/www.berlin.de\/ba-treptow-koepenick\/aktuelles\/pressemitteilungen\/2015\/pressemitteilung.290616.php\">besonders viele Baugenehmigungen zu erteilen<\/a>. Dagegen ist ja nicht viel zu sagen, wenn nicht gerade das Marktsegement, was es am n\u00f6tigsten hat, so gut wie gar nicht bedient wird: Wohnungen f\u00fcr sozial Schwache!<\/p>\n<p>In Berlin gibt es nun das sogenannte Berliner Modell, was bis 25% angeblich sozialvertr\u00e4glicher Wohnungen schaffen soll. Aber nur, wenn ein Bebauungsplan erstellt werden muss. Und nur befristet auf 20 Jahre. Die Mindestmiete 6,50 Euro kalt. Und auch nur, wenn keine besonderen Gr\u00fcnde vorliegen (siehe <a href=\"http:\/\/renephoenix.de\/berliner-modell-zur-kooperativen-baulandentwicklung\">Kritik<\/a>)<\/p>\n<p>Bei den beiden geplanten Wohnt\u00fcrmen am Treptower Spreeufer sollen 220 Wohnungen gebaut werden. Und die Gr\u00fcnde waren durchaus sehr vielseitig, warum hier exakt\u00a0 0 Wohnungen mit den eben genannten Bedingungen entstehen sollen. Mal war es ein zweiphasiger Realisierungswettbewerb, wie es im Bebauungsplan steht. Mal w\u00fcrde das Modell nicht angewandt werden, weil das Modell zu sp\u00e4t g\u00fcltig wurde. Mal wird darauf hingewiesen, dass der selbe Investor an anderer Stelle in Alt-Treptow ja 40 Wohnungen zu oben genannten Bedingungen errichtet.<\/p>\n<p>Wir Piraten haben fr\u00fchzeitig <a href=\"http:\/\/www.berlin.de\/ba-treptow-koepenick\/politik-und-verwaltung\/bezirksverordnetenversammlung\/online\/vo020.asp?VOLFDNR=4572\">unsere Forderung<\/a> kenntlich gemacht: ein Drittel \/ ein Teil als belegungsgebundene s<span title=\"Suchwort der letzten Textrecherche\">ozial<\/span> vertr\u00e4gliche Mietwohnungen anzubiegen und dies dauerhaft vertraglich zu sichern!<\/p>\n<h2><strong>1.4. Keine Parkplatzw\u00fcste am Amtsw\u00e4ldchen<\/strong><\/h2>\n<p><strong>Plakate: #089, #090, #107, #109<\/strong><\/p>\n<blockquote class=\"twitter-tweet\" data-width=\"500\" data-dnt=\"true\">\n<p lang=\"de\" dir=\"ltr\">\u00dcber 200 ebenerdige Parkpl\u00e4tze neben der Altstadt K\u00f6penick. 2016! <a href=\"https:\/\/twitter.com\/hashtag\/WahlplakateFromHell?src=hash&amp;ref_src=twsrc%5Etfw\">#WahlplakateFromHell<\/a> <a href=\"https:\/\/twitter.com\/hashtag\/bvvtk?src=hash&amp;ref_src=twsrc%5Etfw\">#bvvtk<\/a> <a href=\"https:\/\/twitter.com\/hashtag\/agh16?src=hash&amp;ref_src=twsrc%5Etfw\">#agh16<\/a> <a href=\"https:\/\/t.co\/72AnDcXueP\">pic.twitter.com\/72AnDcXueP<\/a><\/p>\n<p>&mdash; Piraten TK (@Piraten_TK) <a href=\"https:\/\/twitter.com\/Piraten_TK\/status\/768560398719156224?ref_src=twsrc%5Etfw\">August 24, 2016<\/a><\/p><\/blockquote>\n<p><script async src=\"https:\/\/platform.twitter.com\/widgets.js\" charset=\"utf-8\"><\/script><\/p>\n<p>Unfassbar, dass im Jahr 2016 unmittelbar an einem bedeutsamen Altstadtkern ebenerdig \u00fcber 200 Parkpl\u00e4tze entstehen, wo so langsam Fl\u00e4chen bedeutsam werden. Wir wollen eine nachhaltige Stadtentwicklung und Fl\u00e4chen, wenn sie schon versiegelt werden, auch sinnvoll nutzen, als nur zur Ablagerung von Blech! (<a href=\"http:\/\/renephoenix.de\/keine-parkplatzwueste-in-der-altstadt-koepenick\">Mehr dazu!<\/a>)<\/p>\n<h2><strong>1.5. Kein Wohnungsbau im Rathenau-Areal<\/strong><\/h2>\n<p><strong>Kein Wohnungsbau im Rathenau-Areal &#8211; \u00dcber 1000 Menschen fordern das!<\/strong><\/p>\n<p><strong>Plakate: [Nummern fehlen]<\/strong><\/p>\n<blockquote class=\"twitter-tweet\" data-width=\"500\" data-dnt=\"true\">\n<p lang=\"de\" dir=\"ltr\">Wenn SPD, CDU und Linke den Wunsch vieler Menschen mit F\u00fc\u00dfen treten&#8230; <a href=\"https:\/\/twitter.com\/hashtag\/WahlplakateFromHell?src=hash&amp;ref_src=twsrc%5Etfw\">#WahlplakateFromHell<\/a> <a href=\"https:\/\/twitter.com\/hashtag\/bvvtk?src=hash&amp;ref_src=twsrc%5Etfw\">#bvvtk<\/a> <a href=\"https:\/\/twitter.com\/hashtag\/agh16?src=hash&amp;ref_src=twsrc%5Etfw\">#agh16<\/a> <a href=\"https:\/\/t.co\/w6iG7zd0Oi\">pic.twitter.com\/w6iG7zd0Oi<\/a><\/p>\n<p>&mdash; Piraten TK (@Piraten_TK) <a href=\"https:\/\/twitter.com\/Piraten_TK\/status\/768454916490887169?ref_src=twsrc%5Etfw\">August 24, 2016<\/a><\/p><\/blockquote>\n<p><script async src=\"https:\/\/platform.twitter.com\/widgets.js\" charset=\"utf-8\"><\/script><\/p>\n<p>(Erkl\u00e4rung bei Plakat: Wir m\u00fcssen keinem Ex-Bausenator einen Gefallen tun)<\/p>\n<h2><strong>1.6. 14,90 \u20ac\/m\u00b2 kalt bei st\u00e4dtischen Wohnungsbaugesellschaften<\/strong><\/h2>\n<p><strong>Plakate: #223, #224, #247<\/strong><\/p>\n<blockquote class=\"twitter-tweet\" data-width=\"500\" data-dnt=\"true\">\n<p lang=\"de\" dir=\"ltr\">Tagesaktuelle Plakate: <a href=\"https:\/\/t.co\/1C8xCYTPPg\">https:\/\/t.co\/1C8xCYTPPg<\/a> <a href=\"https:\/\/twitter.com\/LorenzMaroldt?ref_src=twsrc%5Etfw\">@LorenzMaroldt<\/a> <a href=\"https:\/\/twitter.com\/hashtag\/WahlplakateFromHell?src=hash&amp;ref_src=twsrc%5Etfw\">#WahlplakateFromHell<\/a> <a href=\"https:\/\/twitter.com\/hashtag\/bvvtk?src=hash&amp;ref_src=twsrc%5Etfw\">#bvvtk<\/a> <a href=\"https:\/\/twitter.com\/hashtag\/agh16?src=hash&amp;ref_src=twsrc%5Etfw\">#agh16<\/a> <a href=\"https:\/\/t.co\/QDJXFKLK0u\">pic.twitter.com\/QDJXFKLK0u<\/a><\/p>\n<p>&mdash; Piraten TK (@Piraten_TK) <a href=\"https:\/\/twitter.com\/Piraten_TK\/status\/772884279315562496?ref_src=twsrc%5Etfw\">September 5, 2016<\/a><\/p><\/blockquote>\n<p><script async src=\"https:\/\/platform.twitter.com\/widgets.js\" charset=\"utf-8\"><\/script><\/p>\n<p>Nicht nur private Wohnungseigent\u00fcmer treiben die Mietpreise auch, auch die st\u00e4dtische Wohnungsbaugesellschaft Gewobag. Sie inseriert schon Wohnungen f\u00fcr 14,90 Euro je qm kalt. Nachdem der <a href=\"https:\/\/twitter.com\/LorenzMaroldt\/status\/772669571429961728\">Tagesspiegel <\/a>dar\u00fcber berichtete, positionierten wir uns damit sofort im Stra\u00dfenraum.<\/p>\n<h2><strong>1.7. Milieuschutz &#8211; Jetzt f\u00fcr Baume!<\/strong><\/h2>\n<p>(Alternativ auch f\u00fcr Sch\u00f6neweide)<\/p>\n<p><strong>Plakate #212, #213, #214, #215, #227<\/strong><\/p>\n<blockquote class=\"twitter-tweet\" data-width=\"500\" data-dnt=\"true\">\n<p lang=\"de\" dir=\"ltr\">Was f\u00fcr Alt-Treptow gilt auch f\u00fcr <a href=\"https:\/\/twitter.com\/hashtag\/baumschulenweg?src=hash&amp;ref_src=twsrc%5Etfw\">#baumschulenweg<\/a> und Sch\u00f6neweide <a href=\"https:\/\/twitter.com\/hashtag\/WahlplakateFromHell?src=hash&amp;ref_src=twsrc%5Etfw\">#WahlplakateFromHell<\/a> <a href=\"https:\/\/twitter.com\/hashtag\/bvvtk?src=hash&amp;ref_src=twsrc%5Etfw\">#bvvtk<\/a> <a href=\"https:\/\/twitter.com\/hashtag\/agh16?src=hash&amp;ref_src=twsrc%5Etfw\">#agh16<\/a> <a href=\"https:\/\/t.co\/meNzXDsCsm\">pic.twitter.com\/meNzXDsCsm<\/a><\/p>\n<p>&mdash; Piraten TK (@Piraten_TK) <a href=\"https:\/\/twitter.com\/Piraten_TK\/status\/772890511623544832?ref_src=twsrc%5Etfw\">September 5, 2016<\/a><\/p><\/blockquote>\n<p><script async src=\"https:\/\/platform.twitter.com\/widgets.js\" charset=\"utf-8\"><\/script><\/p>\n<p>In Alt-Treptow haben wir nun endlich die Milieuschutzverordnung. Doch auch in Baumschulenweg und Sch\u00f6neweide zeichnet sich ab, dass dieses Instrument auch da ben\u00f6tigt wird.<\/p>\n<p>Wer sich \u00fcber &#8222;Baume&#8220; wundert: so k\u00fcrzen gern die Bewohner den Ortsteil ab. In Sch\u00f6neweide steht da nat\u00fcrlich Sch\u00f6neweide.<\/p>\n<h1>2. Beteiligung und TransparenZ<\/h1>\n<h2><strong>2.1 Open Antrag<\/strong><\/h2>\n<p><strong>openantrag.de &#8211; Dein Fu\u00df in der Rathaust\u00fcr!<\/strong><\/p>\n<p><strong>Plakate: #045, #046, #047, #048, #049, #050, #051, #052, #056, #154<\/strong><\/p>\n<blockquote class=\"twitter-tweet\" data-width=\"500\" data-dnt=\"true\">\n<p lang=\"en\" dir=\"ltr\">Openantrag. <a href=\"https:\/\/twitter.com\/hashtag\/WahlplakateFromHell?src=hash&amp;ref_src=twsrc%5Etfw\">#WahlplakateFromHell<\/a> <a href=\"https:\/\/twitter.com\/hashtag\/bvvtk?src=hash&amp;ref_src=twsrc%5Etfw\">#bvvtk<\/a> <a href=\"https:\/\/t.co\/i6zJ1SLiBX\">pic.twitter.com\/i6zJ1SLiBX<\/a><\/p>\n<p>&mdash; Piraten TK (@Piraten_TK) <a href=\"https:\/\/twitter.com\/Piraten_TK\/status\/768078261746360320?ref_src=twsrc%5Etfw\">August 23, 2016<\/a><\/p><\/blockquote>\n<p><script async src=\"https:\/\/platform.twitter.com\/widgets.js\" charset=\"utf-8\"><\/script><\/p>\n<p>Mit OpenAntrag kannst du uns direkt Antr\u00e4ge f\u00fcr die BVV vorschlagen. <a href=\"http:\/\/openantrag.de\/berlin-treptow-koepenick\">Probiere es aus.<\/a><\/p>\n<h2><strong>2.2. Einwendungen abgeschmettert<\/strong><\/h2>\n<p><strong>Bauvorhaben. 84 Einwendungen, unz\u00e4hlige Punkte, 0 \u00c4nderungen. Dein Treptow-K\u00f6penick!<\/strong><\/p>\n<p><strong>Plakate: #069, #070, #071, #072<br \/>\n<\/strong><\/p>\n<blockquote class=\"twitter-tweet\" data-width=\"500\" data-dnt=\"true\">\n<p lang=\"de\" dir=\"ltr\">1 Bauvorhaben, 84 Einwendungen, 0 Ber\u00fccksichtigung. Viele Gr\u00fc\u00dfe an Fanny-Zobel. <a href=\"https:\/\/twitter.com\/hashtag\/WahlplakateFromHell?src=hash&amp;ref_src=twsrc%5Etfw\">#WahlplakateFromHell<\/a> <a href=\"https:\/\/t.co\/nUVMVoK8hh\">pic.twitter.com\/nUVMVoK8hh<\/a><\/p>\n<p>&mdash; Piraten TK (@Piraten_TK) <a href=\"https:\/\/twitter.com\/Piraten_TK\/status\/768050918122196992?ref_src=twsrc%5Etfw\">August 23, 2016<\/a><\/p><\/blockquote>\n<p><script async src=\"https:\/\/platform.twitter.com\/widgets.js\" charset=\"utf-8\"><\/script><\/p>\n<p>Der Bebauungsplan XV-30b lag Ende 2015 aus &#8211; und es wurden insgesamt 84 Einwendungen mit zahlreichen Einzelpunkten eingereicht. <a href=\"http:\/\/www.berlin.de\/ba-treptow-koepenick\/politik-und-verwaltung\/bezirksverordnetenversammlung\/online\/vo020.asp?VOLFDNR=5435\">Mittlerweile liegt die Auswertung des Bezirks vor<\/a>. Diese bewirkten exakt, bitte halten sie sich fest, 0 \u00c4nderungen am Bebauungsplan.\u00a0 Selbst f\u00fcr verh\u00e4ltnism\u00e4\u00dfig unstrittige Aspekte wie die planungsrechtliche Sicherung des Uferweges zum Radfahren erfand man keine Wege, sondern Gr\u00fcnde! Und das obwohl selbst der Senat dies monierte. Und das Ufer schon intensiv zum Radfahren genutzt wird.<\/p>\n<p>Nat\u00fcrlich gibt es zum Vorhaben noch viel mehr zu sagen &#8211; aber wir haben noch mehr Plakate!<\/p>\n<h2><strong>2.3 Die Linken verteidigen Geheimvertr\u00e4ge in deinem Bezirk<\/strong><\/h2>\n<p>Plakate: #057, #058, #059, #060<\/p>\n<blockquote class=\"twitter-tweet\" data-width=\"500\" data-dnt=\"true\">\n<p lang=\"de\" dir=\"ltr\">\u201cGeheimhaltungspotentiale\u201c sagten die Linken. Wir erinnerten sie an ihre Worte <a href=\"https:\/\/twitter.com\/hashtag\/WahlplakateFromHell?src=hash&amp;ref_src=twsrc%5Etfw\">#WahlplakateFromHell<\/a> <a href=\"https:\/\/twitter.com\/hashtag\/bvvtk?src=hash&amp;ref_src=twsrc%5Etfw\">#bvvtk<\/a> <a href=\"https:\/\/twitter.com\/hashtag\/agh16?src=hash&amp;ref_src=twsrc%5Etfw\">#agh16<\/a> <a href=\"https:\/\/t.co\/2V5pNBypzL\">pic.twitter.com\/2V5pNBypzL<\/a><\/p>\n<p>&mdash; Piraten TK (@Piraten_TK) <a href=\"https:\/\/twitter.com\/Piraten_TK\/status\/768700633205575680?ref_src=twsrc%5Etfw\">August 25, 2016<\/a><\/p><\/blockquote>\n<p><script async src=\"https:\/\/platform.twitter.com\/widgets.js\" charset=\"utf-8\"><\/script><\/p>\n<p>Vertr\u00e4ge zu Bebauungspl\u00e4nen enthalten weitreichende Folgen und haben \u00f6ffentlich-rechtliche Wirksamkeit. Diese sollten im Originalwortlaut der \u00d6ffentlichkeit zug\u00e4ngig gemacht werden.<\/p>\n<p>Zwar werden alle &#8222;abw\u00e4gungserheblichen Belange&#8220; in der Begr\u00fcndung eines Bebauungsplanes wiedergegeben, doch \u00fcberpr\u00fcft werden kann das nicht. Weder von Ihnen noch von Bezirkspolitikern. Wir erkundigten uns, was denn konkret gegen diese Ver\u00f6ffentlichungen sprach und bekamen nur schwammige Aussagen. Wir fragten also konkreter nach, ob sich diesen wagen Bef\u00fcrchtungen in Hamburg best\u00e4tigt h\u00e4tten, dort sind sie online verf\u00fcgbar. Doch das Bezirksamt wei\u00df es nicht! Also stellten wir einen Antrag, <a href=\"http:\/\/www.berlin.de\/ba-treptow-koepenick\/politik-und-verwaltung\/bezirksverordnetenversammlung\/online\/vo020.asp?VOLFDNR=5342\">mit dem man den Investor bittet, diese freizugeben<\/a>. Mehr k\u00f6nnen wir &#8211; ohne Transparenzgesetz &#8211; im Moment nicht tun!<\/p>\n<p>Dass SPD und CDU bei der Thematik verhalten waren, ist vorhersehbar. Schockiert waren wir \u00fcber die Haltung der Linken, die von Geheimhaltungspotentialen gesprochen haben! Von daher h\u00e4ngt dieses Plakat unter anderem vor der Gesch\u00e4ftsstelle der Linken.<\/p>\n<h2><strong>2.4. Dieser st\u00e4dtebauliche Vertrag ist in deinem Bezirk nicht verf\u00fcgbar!<\/strong><\/h2>\n<p><strong>Plakate: #133, #134<\/strong><\/p>\n<blockquote class=\"twitter-tweet\" data-width=\"500\" data-dnt=\"true\">\n<p lang=\"de\" dir=\"ltr\">Traurig, aber wahr. Zu Recht fordern es die Anwohner in der FannyZobelStra\u00dfe ein. <a href=\"https:\/\/twitter.com\/hashtag\/WahlplakateFromHell?src=hash&amp;ref_src=twsrc%5Etfw\">#WahlplakateFromHell<\/a> <a href=\"https:\/\/twitter.com\/hashtag\/bvvtk?src=hash&amp;ref_src=twsrc%5Etfw\">#bvvtk<\/a> <a href=\"https:\/\/twitter.com\/hashtag\/agh16?src=hash&amp;ref_src=twsrc%5Etfw\">#agh16<\/a> <a href=\"https:\/\/t.co\/HsFDpTHc81\">pic.twitter.com\/HsFDpTHc81<\/a><\/p>\n<p>&mdash; Piraten TK (@Piraten_TK) <a href=\"https:\/\/twitter.com\/Piraten_TK\/status\/769120043208675329?ref_src=twsrc%5Etfw\">August 26, 2016<\/a><\/p><\/blockquote>\n<p><script async src=\"https:\/\/platform.twitter.com\/widgets.js\" charset=\"utf-8\"><\/script><\/p>\n<h2><strong>2.5. Umweltmonitoring in Anwohnerhand<\/strong><\/h2>\n<p><strong>Messdaten zu Luft&amp;Wasserschadstoffen f\u00fcr alle! Umweltmonitoring in Anwohnerhand!<\/strong><\/p>\n<p>Plakate: #099, #100, #104, #105, #123, #126, , #140, #141, #171<\/p>\n<blockquote class=\"twitter-tweet\" data-width=\"500\" data-dnt=\"true\">\n<p lang=\"de\" dir=\"ltr\">Umweltmonitoring in Anwohnerh\u00e4nde. Wie der Einwohnerantrag es forderte <a href=\"https:\/\/twitter.com\/hashtag\/WahlplakateFromHell?src=hash&amp;ref_src=twsrc%5Etfw\">#WahlplakateFromHell<\/a> <a href=\"https:\/\/twitter.com\/hashtag\/bvvtk?src=hash&amp;ref_src=twsrc%5Etfw\">#bvvtk<\/a> <a href=\"https:\/\/twitter.com\/hashtag\/agh16?src=hash&amp;ref_src=twsrc%5Etfw\">#agh16<\/a> <a href=\"https:\/\/t.co\/oseJxWHELl\">pic.twitter.com\/oseJxWHELl<\/a><\/p>\n<p>&mdash; Piraten TK (@Piraten_TK) <a href=\"https:\/\/twitter.com\/Piraten_TK\/status\/768510545888772096?ref_src=twsrc%5Etfw\">August 24, 2016<\/a><\/p><\/blockquote>\n<p><script async src=\"https:\/\/platform.twitter.com\/widgets.js\" charset=\"utf-8\"><\/script><\/p>\n<p>&#8222;<a href=\"https:\/\/wiki.piratenpartei.de\/BE:Wahlprogramm\/2016#Open_Sensordata\">Open Sensordata<\/a>&#8220; nennt sich die Forderung der Piraten, die einhergeht mit dem Einwohnerantrag &#8222;Umweltmonitoring JETZT!&#8220;. Was gemessen wird, soll allen zur Verf\u00fcgung stehen!<\/p>\n<h1>3. Mobilit\u00e4t und Verkehr<\/h1>\n<h2><strong>Hier k\u00f6nnte ein guter Radweg sein<\/strong><\/h2>\n<p><strong>Plakate: ohne Nummer!<br \/>\n<\/strong><\/p>\n<blockquote class=\"twitter-tweet\" data-width=\"500\" data-dnt=\"true\">\n<p lang=\"de\" dir=\"ltr\">Restfragmente eines Radwegs sind noch erahnbar. Wir brauchen den <a href=\"https:\/\/twitter.com\/radentscheid?ref_src=twsrc%5Etfw\">@radentscheid<\/a> <a href=\"https:\/\/twitter.com\/hashtag\/WahlplakateFromHell?src=hash&amp;ref_src=twsrc%5Etfw\">#WahlplakateFromHell<\/a> <a href=\"https:\/\/twitter.com\/hashtag\/bvvtk?src=hash&amp;ref_src=twsrc%5Etfw\">#bvvtk<\/a> <a href=\"https:\/\/t.co\/y2wfyWtTMg\">pic.twitter.com\/y2wfyWtTMg<\/a><\/p>\n<p>&mdash; Piraten TK (@Piraten_TK) <a href=\"https:\/\/twitter.com\/Piraten_TK\/status\/768128909544153088?ref_src=twsrc%5Etfw\">August 23, 2016<\/a><\/p><\/blockquote>\n<p><script async src=\"https:\/\/platform.twitter.com\/widgets.js\" charset=\"utf-8\"><\/script><\/p>\n<p>Da wir diese Plakate sehr h\u00e4ufig ben\u00f6tigen, haben wir es gleich in Serie anfertigen lassen. Bisherige Standorte (unvollst\u00e4ndig):<\/p>\n<ul>\n<li>Am Treptower Park sowie K\u00f6penicker Landstra\u00dfe<\/li>\n<li>Kiefholzstra\u00dfe in H\u00f6he Baumschulenstra\u00dfe<\/li>\n<li>Edisonstra\u00dfe<\/li>\n<\/ul>\n<p>Wir nehmen Standortvorschl\u00e4ge entgegen!<\/p>\n<h2><strong>Hier k\u00f6nnte eine Fahrradstra\u00dfe sein!<\/strong><\/h2>\n<p><strong>Plakate ohne Nummer<\/strong><\/p>\n<blockquote class=\"twitter-tweet\" data-width=\"500\" data-dnt=\"true\">\n<p lang=\"de\" dir=\"ltr\">Eine Fahrradstrasse in Sch\u00f6neweide ist mit SPD, CDU und Linken nicht zu haben. <a href=\"https:\/\/twitter.com\/hashtag\/WahlplakateFromHell?src=hash&amp;ref_src=twsrc%5Etfw\">#WahlplakateFromHell<\/a> <a href=\"https:\/\/twitter.com\/hashtag\/bvvtk?src=hash&amp;ref_src=twsrc%5Etfw\">#bvvtk<\/a> <a href=\"https:\/\/twitter.com\/hashtag\/agh16?src=hash&amp;ref_src=twsrc%5Etfw\">#agh16<\/a> <a href=\"https:\/\/t.co\/1V0TbKTMpw\">pic.twitter.com\/1V0TbKTMpw<\/a><\/p>\n<p>&mdash; Piraten TK (@Piraten_TK) <a href=\"https:\/\/twitter.com\/Piraten_TK\/status\/768485624559104000?ref_src=twsrc%5Etfw\">August 24, 2016<\/a><\/p><\/blockquote>\n<p><script async src=\"https:\/\/platform.twitter.com\/widgets.js\" charset=\"utf-8\"><\/script><\/p>\n<p>Laut Auffassung der SPD ist es Aktionismus, durch den Bezirk zu radeln &#8211; und nach potentiellen Fahrradstra\u00dfen zu schauen (<a href=\"http:\/\/www.berlin.de\/ba-treptow-koepenick\/politik-und-verwaltung\/bezirksverordnetenversammlung\/sitzungen\/audioprotokolle\/artikel.476196.php\">Audioprotokoll der BVV<\/a>). Aber das machen wir gerne. Auch im Wahlkampf. Dieses Plakat ist in der Firlstra\u00dfe, die zusammen mit der Hasselwerder Stra\u00dfe eine tolle Radverbindung darstellt. Und wenn das Ufer dann mal frei ist (siehe letztes Plakat) &#8211; ein Traum!<\/p>\n<p>Das Plakat h\u00e4ngt auch an anderen Stellen, z.B.:<\/p>\n<ul>\n<li>Bouch\u00e9stra\u00dfe<\/li>\n<li>Pudersta\u00dfe<\/li>\n<\/ul>\n<h2><strong>Hier k\u00f6nnten mehr Fahrradb\u00fcgel\u00a0sein!<\/strong><\/h2>\n<p><strong>Plakate ohne Nummer<\/strong><\/p>\n<p>Ohne Bild: Das Plakat gibt es auch f\u00fcr Fahrradb\u00fcgel!<\/p>\n<h2><strong>Warum m\u00fcssen bei Baustellen die Radler als erstes weichen?<\/strong><\/h2>\n<p><strong>(Auch wenn eine Autobahn gebaut wird)<\/strong><\/p>\n<p><strong>Plakate: #151, #152, #199, #242<\/strong><\/p>\n<blockquote class=\"twitter-tweet\" data-width=\"500\" data-dnt=\"true\">\n<p lang=\"de\" dir=\"ltr\">Wir sind die mit den Fragen. Der <a href=\"https:\/\/twitter.com\/radentscheid?ref_src=twsrc%5Etfw\">@radentscheid<\/a> hat die Antwort. <a href=\"https:\/\/twitter.com\/hashtag\/WahlplakateFromHell?src=hash&amp;ref_src=twsrc%5Etfw\">#WahlplakateFromHell<\/a> <a href=\"https:\/\/twitter.com\/hashtag\/bvvtk?src=hash&amp;ref_src=twsrc%5Etfw\">#bvvtk<\/a> <a href=\"https:\/\/twitter.com\/hashtag\/agh16?src=hash&amp;ref_src=twsrc%5Etfw\">#agh16<\/a> <a href=\"https:\/\/t.co\/CtOVXkurlI\">pic.twitter.com\/CtOVXkurlI<\/a><\/p>\n<p>&mdash; Piraten TK (@Piraten_TK) <a href=\"https:\/\/twitter.com\/Piraten_TK\/status\/771101817681874944?ref_src=twsrc%5Etfw\">August 31, 2016<\/a><\/p><\/blockquote>\n<p><script async src=\"https:\/\/platform.twitter.com\/widgets.js\" charset=\"utf-8\"><\/script><\/p>\n<p>Wir sind die mit den Fragen. Der <a href=\"https:\/\/volksentscheid-fahrrad.de\/\">Volksentscheid Fahrrad<\/a> hat die Antwort &#8211; in<a href=\"https:\/\/volksentscheid-fahrrad.de\/wp-content\/uploads\/2016\/04\/Gesetz-zur-Foerderung-des-Radverkehrs-in-Berlin-RadG-2016-04-11.pdf\"> \u00a715 Abs. 2.<\/a><\/p>\n<p>Noch besser ist dieses Motiv:<\/p>\n<blockquote class=\"twitter-tweet\" data-width=\"500\" data-dnt=\"true\">\n<p lang=\"de\" dir=\"ltr\">Symbolbild f\u00fcr Radpolitik der gro\u00dfen Koa in Berlin. Wir brauchen <a href=\"https:\/\/twitter.com\/radentscheid?ref_src=twsrc%5Etfw\">@radentscheid<\/a>. <a href=\"https:\/\/twitter.com\/hashtag\/wahlplakatefromhell?src=hash&amp;ref_src=twsrc%5Etfw\">#wahlplakatefromhell<\/a> <a href=\"https:\/\/twitter.com\/hashtag\/bvvtk?src=hash&amp;ref_src=twsrc%5Etfw\">#bvvtk<\/a> <a href=\"https:\/\/twitter.com\/hashtag\/agh16?src=hash&amp;ref_src=twsrc%5Etfw\">#agh16<\/a> <a href=\"https:\/\/t.co\/ImaO3QAz8R\">pic.twitter.com\/ImaO3QAz8R<\/a><\/p>\n<p>&mdash; Piraten TK (@Piraten_TK) <a href=\"https:\/\/twitter.com\/Piraten_TK\/status\/775611353595797508?ref_src=twsrc%5Etfw\">September 13, 2016<\/a><\/p><\/blockquote>\n<p><script async src=\"https:\/\/platform.twitter.com\/widgets.js\" charset=\"utf-8\"><\/script><\/p>\n<h2><strong>Was fangen wir mit diesem sechsspurigen Radweg an?<\/strong><\/h2>\n<p>Plakate: #173, #184<\/p>\n<blockquote class=\"twitter-tweet\" data-width=\"500\" data-dnt=\"true\">\n<p lang=\"de\" dir=\"ltr\">Wir sind die mit den Fragen, ihr habt die Antworten. <a href=\"https:\/\/twitter.com\/hashtag\/WahlplakateFromHell?src=hash&amp;ref_src=twsrc%5Etfw\">#WahlplakateFromHell<\/a> <a href=\"https:\/\/twitter.com\/hashtag\/bvvtk?src=hash&amp;ref_src=twsrc%5Etfw\">#bvvtk<\/a> <a href=\"https:\/\/twitter.com\/hashtag\/agh16?src=hash&amp;ref_src=twsrc%5Etfw\">#agh16<\/a> <a href=\"https:\/\/t.co\/63s1kFyuhl\">pic.twitter.com\/63s1kFyuhl<\/a><\/p>\n<p>&mdash; Piraten TK (@Piraten_TK) <a href=\"https:\/\/twitter.com\/Piraten_TK\/status\/771102066668400640?ref_src=twsrc%5Etfw\">August 31, 2016<\/a><\/p><\/blockquote>\n<p><script async src=\"https:\/\/platform.twitter.com\/widgets.js\" charset=\"utf-8\"><\/script><\/p>\n<p>Wir sind die mit den Fragen &#8211; und wollen eure Antworten h\u00f6ren!<\/p>\n<h2><strong>\u00d6fters den Bus fahren lassen<\/strong><\/h2>\n<p><strong>Plakate #075, #076, #120, #158<\/strong><\/p>\n<blockquote class=\"twitter-tweet\" data-width=\"500\" data-dnt=\"true\">\n<p lang=\"de\" dir=\"ltr\">Auf manchen Linien fahren die Busse noch im 20er-Takt. <a href=\"https:\/\/twitter.com\/hashtag\/WahlplakateFromHell?src=hash&amp;ref_src=twsrc%5Etfw\">#WahlplakateFromHell<\/a> <a href=\"https:\/\/twitter.com\/hashtag\/bvvtk?src=hash&amp;ref_src=twsrc%5Etfw\">#bvvtk<\/a> <a href=\"https:\/\/t.co\/AXRgYErUm0\">https:\/\/t.co\/AXRgYErUm0<\/a> <a href=\"https:\/\/t.co\/ImK0IFc7of\">pic.twitter.com\/ImK0IFc7of<\/a><\/p>\n<p>&mdash; Piraten TK (@Piraten_TK) <a href=\"https:\/\/twitter.com\/Piraten_TK\/status\/768129302428839936?ref_src=twsrc%5Etfw\">August 23, 2016<\/a><\/p><\/blockquote>\n<p><script async src=\"https:\/\/platform.twitter.com\/widgets.js\" charset=\"utf-8\"><\/script><\/p>\n<h2><strong>Stra\u00dfenbahn(ausbau) beschleunigen<\/strong><\/h2>\n<p>Plakate: #101, #103, #136<\/p>\n<blockquote class=\"twitter-tweet\" data-width=\"500\" data-dnt=\"true\">\n<p lang=\"da\" dir=\"ltr\">An der Endhaltestelle der <a href=\"https:\/\/twitter.com\/hashtag\/Linie61?src=hash&amp;ref_src=twsrc%5Etfw\">#Linie61<\/a>. <a href=\"https:\/\/twitter.com\/hashtag\/WahlplakateFromHell?src=hash&amp;ref_src=twsrc%5Etfw\">#WahlplakateFromHell<\/a> <a href=\"https:\/\/twitter.com\/hashtag\/bvvtk?src=hash&amp;ref_src=twsrc%5Etfw\">#bvvtk<\/a> <a href=\"https:\/\/twitter.com\/hashtag\/agh16?src=hash&amp;ref_src=twsrc%5Etfw\">#agh16<\/a> <a href=\"https:\/\/t.co\/ChJgDaNd1D\">pic.twitter.com\/ChJgDaNd1D<\/a><\/p>\n<p>&mdash; Piraten TK (@Piraten_TK) <a href=\"https:\/\/twitter.com\/Piraten_TK\/status\/768512029812482048?ref_src=twsrc%5Etfw\">August 24, 2016<\/a><\/p><\/blockquote>\n<p><script async src=\"https:\/\/platform.twitter.com\/widgets.js\" charset=\"utf-8\"><\/script><\/p>\n<p>Zwei Forderungen vereint! Konkret haben wir die Forderung noch mal f\u00fcr den Gro\u00df-Berliner-Damm gemacht:<\/p>\n<p>Plakate: #160, #161<\/p>\n<blockquote class=\"twitter-tweet\" data-width=\"500\" data-dnt=\"true\">\n<p lang=\"de\" dir=\"ltr\">Immer und immer und immer wieder verz\u00f6gert: die Tram im Gro\u00df-Berliner-Damm. <a href=\"https:\/\/twitter.com\/hashtag\/WahlplakateFromHell?src=hash&amp;ref_src=twsrc%5Etfw\">#WahlplakateFromHell<\/a> <a href=\"https:\/\/twitter.com\/hashtag\/bvvtk?src=hash&amp;ref_src=twsrc%5Etfw\">#bvvtk<\/a> <a href=\"https:\/\/twitter.com\/hashtag\/agh16?src=hash&amp;ref_src=twsrc%5Etfw\">#agh16<\/a> <a href=\"https:\/\/t.co\/a38ynhQlfI\">pic.twitter.com\/a38ynhQlfI<\/a><\/p>\n<p>&mdash; Piraten TK (@Piraten_TK) <a href=\"https:\/\/twitter.com\/Piraten_TK\/status\/769119082142662656?ref_src=twsrc%5Etfw\">August 26, 2016<\/a><\/p><\/blockquote>\n<p><script async src=\"https:\/\/platform.twitter.com\/widgets.js\" charset=\"utf-8\"><\/script><\/p>\n<h2><strong>Tram zum Treptower Park<\/strong><\/h2>\n<p><strong>Die SPD will die Tram zum Treptower Park. Finden wir super. Auch nach der Wahl!<\/strong><\/p>\n<p><strong>Plakate: #005, #006<\/strong><\/p>\n<blockquote class=\"twitter-tweet\" data-width=\"500\" data-dnt=\"true\">\n<p lang=\"de\" dir=\"ltr\">Manchmal kapern wir auch gute Ideen, die die Urheber schon l\u00e4ngst vergessen haben. <a href=\"https:\/\/twitter.com\/hashtag\/WahlplakateFromHell?src=hash&amp;ref_src=twsrc%5Etfw\">#WahlplakateFromHell<\/a> <a href=\"https:\/\/twitter.com\/hashtag\/bvvtk?src=hash&amp;ref_src=twsrc%5Etfw\">#bvvtk<\/a> <a href=\"https:\/\/t.co\/NPKgFSDpMc\">pic.twitter.com\/NPKgFSDpMc<\/a><\/p>\n<p>&mdash; Piraten TK (@Piraten_TK) <a href=\"https:\/\/twitter.com\/Piraten_TK\/status\/768077210926387200?ref_src=twsrc%5Etfw\">August 23, 2016<\/a><\/p><\/blockquote>\n<p><script async src=\"https:\/\/platform.twitter.com\/widgets.js\" charset=\"utf-8\"><\/script><\/p>\n<p>Wir m\u00fcssen auch andere Parteien loben: die SPD legte im Februar das Konzept <a href=\"https:\/\/www.spd.berlin\/w\/files\/spd-fachausschuesse\/24.02.2016-famob-positionspapier-strassenbahn.pdf\">Stra\u00dfenbahn in Berlin 2030 plus<\/a> vor. An sich ein wegweisendes Dokument, mit dem viele neue Stadtteile ans Stra\u00dfenbahnnetz angeschlossen werden sollen. In Alt-Treptow wurde die Stra\u00dfe Am Treptower Park westlich der Elsenstra\u00dfe vorgesehen.<\/p>\n<p>Leider bewies schon die Bezirks-SPD, dass sie von ihren eigenen Pl\u00e4nen weniger h\u00e4lt, als wir. Im Rahmen des Antrages &#8222;<a href=\"http:\/\/www.berlin.de\/ba-treptow-koepenick\/politik-und-verwaltung\/bezirksverordnetenversammlung\/online\/vo020.asp?VOLFDNR=5399\">Kein Zweirichtungsverkehr Am Treptower Park<\/a>&#8220; sollte &#8211; neben der A100-bedingten Umwandlung &#8211; auch jeder Abschnitt am BKA-Areal unverbaut bleiben. Die SPD lehnte ihren eigenen Ziele ab! Schon vor der Wahl!<\/p>\n<h2><strong>Flanieren in der Altstadt &#8211; ohne von den Autos geschubst zu werden?<\/strong><\/h2>\n<p><strong>Plakate: #091, #092<\/strong><\/p>\n<blockquote class=\"twitter-tweet\" data-width=\"500\" data-dnt=\"true\">\n<p lang=\"de\" dir=\"ltr\">Wir wollen die Altstadt attraktiver machen. <a href=\"https:\/\/twitter.com\/hashtag\/WahlplakateFromHell?src=hash&amp;ref_src=twsrc%5Etfw\">#WahlplakateFromHell<\/a> <a href=\"https:\/\/twitter.com\/hashtag\/bvvtk?src=hash&amp;ref_src=twsrc%5Etfw\">#bvvtk<\/a> <a href=\"https:\/\/twitter.com\/hashtag\/agh16?src=hash&amp;ref_src=twsrc%5Etfw\">#agh16<\/a> <a href=\"https:\/\/t.co\/zJQA7CfLo4\">pic.twitter.com\/zJQA7CfLo4<\/a><\/p>\n<p>&mdash; Piraten TK (@Piraten_TK) <a href=\"https:\/\/twitter.com\/Piraten_TK\/status\/768502501398179840?ref_src=twsrc%5Etfw\">August 24, 2016<\/a><\/p><\/blockquote>\n<p><script async src=\"https:\/\/platform.twitter.com\/widgets.js\" charset=\"utf-8\"><\/script><\/p>\n<p>Mehrere Plakate zum Thema Autofreie Altstadt K\u00f6penick haben wir rund um die Altstadt K\u00f6penick verteilt. In der Altstadt selbst d\u00fcrfen wir nicht, da dies eine Bannzone ist.<\/p>\n<h2><strong>Zebrastreifen &#8211; Vorrang f\u00fcr Fu\u00dfg\u00e4nger<\/strong><\/h2>\n<p><strong>Hier ein Zebrasteifen? Vorfahrt\/Vorrang f\u00fcr Fu\u00dfg\u00e4nger!<\/strong><\/p>\n<p><strong>Plakate: #015, #016, #077, #078, #121, #122, #137, #159, #225<\/strong><\/p>\n<blockquote class=\"twitter-tweet\" data-width=\"500\" data-dnt=\"true\">\n<p lang=\"de\" dir=\"ltr\">Lokalpolitik. Ein Zebrastreifen, der einfach nicht kommt. <a href=\"https:\/\/twitter.com\/hashtag\/WahlplakateFromHell?src=hash&amp;ref_src=twsrc%5Etfw\">#WahlplakateFromHell<\/a> <a href=\"https:\/\/twitter.com\/hashtag\/bvvtk?src=hash&amp;ref_src=twsrc%5Etfw\">#bvvtk<\/a> <a href=\"https:\/\/t.co\/O84HUdVQ8L\">pic.twitter.com\/O84HUdVQ8L<\/a><\/p>\n<p>&mdash; Piraten TK (@Piraten_TK) <a href=\"https:\/\/twitter.com\/Piraten_TK\/status\/768077561943449601?ref_src=twsrc%5Etfw\">August 23, 2016<\/a><\/p><\/blockquote>\n<p><script async src=\"https:\/\/platform.twitter.com\/widgets.js\" charset=\"utf-8\"><\/script><\/p>\n<p>Ein beliebtes Hobby des Bezirkspolitikers: Zebrastreifen einfordern! Da machen auch wir gerne mit! Haben wir auch schon! Leider ist es so, dass viele dieser Einrichtungen entweder vom Bezirksamt oder von der Verkehrslenkung Berlin torpediert werden!<\/p>\n<p>Zu finden ist dieses Plakat u.a. in der<\/p>\n<ul>\n<li>Karl-Kunger-Stra\u00dfe n\u00e4he Elsenstra\u00dfe<\/li>\n<li>Kiefholzstra\u00dfe \/ H\u00e4nselstra\u00dfe<\/li>\n<li>M\u00fcggelseedamm<\/li>\n<li>Gro\u00df-Berliner-Damm<\/li>\n<\/ul>\n<h2><strong>Freie Ufer f\u00fcr freie Menschen in Sch\u00f6neweide<\/strong><\/h2>\n<p><strong>Plakate: #130, #131<\/strong><\/p>\n<blockquote class=\"twitter-tweet\" data-width=\"500\" data-dnt=\"true\">\n<p lang=\"de\" dir=\"ltr\">Schon Jahren warten wir auf den Uferweg in Sch\u00f6neweide. <a href=\"https:\/\/twitter.com\/hashtag\/WahlplakateFromHell?src=hash&amp;ref_src=twsrc%5Etfw\">#WahlplakateFromHell<\/a> <a href=\"https:\/\/twitter.com\/hashtag\/bvvtk?src=hash&amp;ref_src=twsrc%5Etfw\">#bvvtk<\/a> <a href=\"https:\/\/twitter.com\/hashtag\/agh16?src=hash&amp;ref_src=twsrc%5Etfw\">#agh16<\/a> <a href=\"https:\/\/t.co\/rYyXvDt5Vb\">pic.twitter.com\/rYyXvDt5Vb<\/a><\/p>\n<p>&mdash; Piraten TK (@Piraten_TK) <a href=\"https:\/\/twitter.com\/Piraten_TK\/status\/768460921786236928?ref_src=twsrc%5Etfw\">August 24, 2016<\/a><\/p><\/blockquote>\n<p><script async src=\"https:\/\/platform.twitter.com\/widgets.js\" charset=\"utf-8\"><\/script><\/p>\n<p>Es wird und wird nicht. Der freie Uferweg in Sch\u00f6neweide zwischen Kaisersteg und HTW.<\/p>\n<h2><strong>\u00dcber die M\u00fcggelspree f\u00fcr alle!<br \/>\n<\/strong><\/h2>\n<p><strong>Plakate: #110, #111, #112, #113, #114, #115<\/strong><\/p>\n<blockquote class=\"twitter-tweet\" data-width=\"500\" data-dnt=\"true\">\n<p lang=\"de\" dir=\"ltr\">Unser Statement zur Spreequerung am M\u00fcggelsee. <a href=\"https:\/\/twitter.com\/hashtag\/WahlplakateFromHell?src=hash&amp;ref_src=twsrc%5Etfw\">#WahlplakateFromHell<\/a> <a href=\"https:\/\/twitter.com\/hashtag\/bvvtk?src=hash&amp;ref_src=twsrc%5Etfw\">#bvvtk<\/a> <a href=\"https:\/\/twitter.com\/hashtag\/agh16?src=hash&amp;ref_src=twsrc%5Etfw\">#agh16<\/a> <a href=\"https:\/\/t.co\/mciLSdww6C\">pic.twitter.com\/mciLSdww6C<\/a><\/p>\n<p>&mdash; Piraten TK (@Piraten_TK) <a href=\"https:\/\/twitter.com\/Piraten_TK\/status\/768505366833459201?ref_src=twsrc%5Etfw\">August 24, 2016<\/a><\/p><\/blockquote>\n<p><script async src=\"https:\/\/platform.twitter.com\/widgets.js\" charset=\"utf-8\"><\/script><\/p>\n<p>Dieses Plakat ist vor allem in der N\u00e4he des Spreetunnels zu finden. Dieser ist nicht barrierefrei, Menschen im Rollstuhl k\u00f6nnen die M\u00fcggelspree nicht passieren. Es gab einen Einwohnerantrag der eine F\u00e4hre vorsieht. Als Piraten haben wir den Schr\u00e4gaufzug ins Gespr\u00e4ch gebracht. Denkbar\u00a0 w\u00e4re auch eine Br\u00fccke.<\/p>\n<p>Alle Varianten haben ihre Vor- und ihre Nachteile (<a href=\"http:\/\/renephoenix.de\/spreetunnel-friedrichshagen\">siehe auch die bisherige Debatte dazu<\/a>). Aber zur Zeit passiert nicht viel.<\/p>\n<h2><strong>F\u00e4hre F21 nach M\u00fcggelheim, Dorfanger.<\/strong><\/h2>\n<p><strong>Plakate: #146, #147, #170, #182<\/strong><\/p>\n<blockquote class=\"twitter-tweet\" data-width=\"500\" data-dnt=\"true\">\n<p lang=\"de\" dir=\"ltr\">Unsere Antwort, mach dem wir immer wieder angesprochn werden&#8230;in <a href=\"https:\/\/twitter.com\/hashtag\/mueggelheim?src=hash&amp;ref_src=twsrc%5Etfw\">#mueggelheim<\/a> <a href=\"https:\/\/twitter.com\/hashtag\/WahlplakateFromHell?src=hash&amp;ref_src=twsrc%5Etfw\">#WahlplakateFromHell<\/a> <a href=\"https:\/\/twitter.com\/hashtag\/bvvtk?src=hash&amp;ref_src=twsrc%5Etfw\">#bvvtk<\/a> <a href=\"https:\/\/twitter.com\/hashtag\/agh16?src=hash&amp;ref_src=twsrc%5Etfw\">#agh16<\/a> <a href=\"https:\/\/t.co\/SNuByPrkez\">pic.twitter.com\/SNuByPrkez<\/a><\/p>\n<p>&mdash; Piraten TK (@Piraten_TK) <a href=\"https:\/\/twitter.com\/Piraten_TK\/status\/769114632476844032?ref_src=twsrc%5Etfw\">August 26, 2016<\/a><\/p><\/blockquote>\n<p><script async src=\"https:\/\/platform.twitter.com\/widgets.js\" charset=\"utf-8\"><\/script><\/p>\n<p>Die F\u00e4hre F21 verbindet Alt-Schm\u00f6ckwitz mit Krampenburg, damit ist die \u00dcberbr\u00fcckung der Dahme zwar m\u00f6glich. Aber dort ist Wald. Und keine Busverbindung. Daher wurde die Forderung schon oft die Verl\u00e4ngerung bis\u00a0zum Dorfanger gefordert. Dieser Forderung wollen wir mit dem Plakat noch einmal Nachdrucken geben!<\/p>\n<h2><strong>Elsenbr\u00fccke erhalten, A100 verhindern!<\/strong><\/h2>\n<p><strong>Plakate: #063, #064, #065, #066<\/strong><\/p>\n<blockquote class=\"twitter-tweet\" data-width=\"500\" data-dnt=\"true\">\n<p lang=\"de\" dir=\"ltr\">Was viele noch nicht wissen: die <a href=\"https:\/\/twitter.com\/hashtag\/A100?src=hash&amp;ref_src=twsrc%5Etfw\">#A100<\/a> passt nicht zwischen Sbahn und Elsenbr\u00fccke <a href=\"https:\/\/twitter.com\/hashtag\/WahlplakateFromHell?src=hash&amp;ref_src=twsrc%5Etfw\">#WahlplakateFromHell<\/a> <a href=\"https:\/\/twitter.com\/hashtag\/bvvtk?src=hash&amp;ref_src=twsrc%5Etfw\">#bvvtk<\/a> <a href=\"https:\/\/t.co\/4WO4k7DNfF\">pic.twitter.com\/4WO4k7DNfF<\/a><\/p>\n<p>&mdash; Piraten TK (@Piraten_TK) <a href=\"https:\/\/twitter.com\/Piraten_TK\/status\/768212761159540736?ref_src=twsrc%5Etfw\">August 23, 2016<\/a><\/p><\/blockquote>\n<p><script async src=\"https:\/\/platform.twitter.com\/widgets.js\" charset=\"utf-8\"><\/script><\/p>\n<p>Zwischen Elsenbr\u00fccke und Ringbahnbr\u00fccke Oberspree (das ist der offizielle Namen der S-Bahnbr\u00fccke) sind ca. 15 Meter Abstand. Eine sechsstreifige Autobahn ben\u00f6tigt jedoch \u00fcber 30 Meter. Die Eisenbahnbr\u00fccke steht unter Denkmalschutz. Wenn die A100 verl\u00e4ngert werden soll, so kann dies nur durch einen Teilabriss der Elsenbr\u00fccke erfolgen. Die Elsenbr\u00fccke wurde erst vor einigen Jahren sehr umfassend saniert und ist eine der wenigen Br\u00fccken, die derzeit keine Probleme hat.<\/p>\n<h2><strong>Busspuren auf der Elsenbr\u00fccke<\/strong><\/h2>\n<p><strong>Immer noch keine Busspuren auf der Elsenbr\u00fccke. Trotz BVV-Beschluss. Dank VLB.<\/strong><\/p>\n<p><strong>Plakate: #061, #062, #067<\/strong><\/p>\n<blockquote class=\"twitter-tweet\" data-width=\"500\" data-dnt=\"true\">\n<p lang=\"de\" dir=\"ltr\">Die Busspuren sind immer noch nicht gezeichnet&#8230; <a href=\"https:\/\/twitter.com\/hashtag\/WahlplakateFromHell?src=hash&amp;ref_src=twsrc%5Etfw\">#WahlplakateFromHell<\/a> <a href=\"https:\/\/twitter.com\/hashtag\/bvvtk?src=hash&amp;ref_src=twsrc%5Etfw\">#bvvtk<\/a> <a href=\"https:\/\/twitter.com\/hashtag\/agh16?src=hash&amp;ref_src=twsrc%5Etfw\">#agh16<\/a> <a href=\"https:\/\/t.co\/MdtPyKSNa1\">pic.twitter.com\/MdtPyKSNa1<\/a><\/p>\n<p>&mdash; Piraten TK (@Piraten_TK) <a href=\"https:\/\/twitter.com\/Piraten_TK\/status\/769169522733514752?ref_src=twsrc%5Etfw\">August 26, 2016<\/a><\/p><\/blockquote>\n<p><script async src=\"https:\/\/platform.twitter.com\/widgets.js\" charset=\"utf-8\"><\/script><\/p>\n<p>Im M\u00e4rz 2015 beschloss die BVV, dass auf der Elsenbr\u00fccke <a href=\"http:\/\/www.berlin.de\/ba-treptow-koepenick\/politik-und-verwaltung\/bezirksverordnetenversammlung\/online\/vo020.asp?VOLFDNR=5035\">die jeweils rechte KfZ-Spur in eine Busspur umgewandelt werden<\/a> sollte. Bis heute ist nichts passiert!<\/p>\n<h2><strong>Br\u00fccken vorausschauend sanieren &#8211; als notd\u00fcrftig sperren!<\/strong><\/h2>\n<p><strong>Plakate: #116, #117, #118, #119<\/strong><\/p>\n<blockquote class=\"twitter-tweet\" data-width=\"500\" data-dnt=\"true\">\n<p lang=\"de\" dir=\"ltr\">Auf der Allendebr\u00fccke gibt es folgendes Plakat: <a href=\"https:\/\/twitter.com\/hashtag\/WahlplakateFromHell?src=hash&amp;ref_src=twsrc%5Etfw\">#WahlplakateFromHell<\/a> <a href=\"https:\/\/twitter.com\/hashtag\/bvvtk?src=hash&amp;ref_src=twsrc%5Etfw\">#bvvtk<\/a> <a href=\"https:\/\/twitter.com\/hashtag\/agh16?src=hash&amp;ref_src=twsrc%5Etfw\">#agh16<\/a> <a href=\"https:\/\/t.co\/NLL8AjVGeg\">pic.twitter.com\/NLL8AjVGeg<\/a><\/p>\n<p>&mdash; Piraten TK (@Piraten_TK) <a href=\"https:\/\/twitter.com\/Piraten_TK\/status\/768561119610990592?ref_src=twsrc%5Etfw\">August 24, 2016<\/a><\/p><\/blockquote>\n<p><script async src=\"https:\/\/platform.twitter.com\/widgets.js\" charset=\"utf-8\"><\/script><\/p>\n<p>Viele Br\u00fccken sind marode. Die Instandhaltung hinkt. Die Allendebr\u00fccke hat&#8217;s voll erwischt &#8211; und ist nun seit einiger Zeit nur noch zur H\u00e4lfte befahrbar!<\/p>\n<h2><strong>Zweirichtungsverkehr Am Treptower Park &#8211; Wollen sie das wirklich?<\/strong><\/h2>\n<p><strong>Die Pl\u00e4ne des Senats sind \u00fcber 10 Jahre alt. Aber gut versteckt.<\/strong><\/p>\n<p><strong>Plakate: #236<\/strong><\/p>\n<blockquote class=\"twitter-tweet\" data-width=\"500\" data-dnt=\"true\">\n<p lang=\"de\" dir=\"ltr\">Dieser gut verborgene Plan am Rande der <a href=\"https:\/\/twitter.com\/hashtag\/A100?src=hash&amp;ref_src=twsrc%5Etfw\">#A100<\/a> stellen nur Piraten in Frage. <a href=\"https:\/\/twitter.com\/hashtag\/wahlplakatefromhell?src=hash&amp;ref_src=twsrc%5Etfw\">#wahlplakatefromhell<\/a> <a href=\"https:\/\/twitter.com\/hashtag\/agh16?src=hash&amp;ref_src=twsrc%5Etfw\">#agh16<\/a> <a href=\"https:\/\/twitter.com\/hashtag\/bvvtk?src=hash&amp;ref_src=twsrc%5Etfw\">#bvvtk<\/a> <a href=\"https:\/\/t.co\/o3qqiy04OQ\">pic.twitter.com\/o3qqiy04OQ<\/a><\/p>\n<p>&mdash; Piraten TK (@Piraten_TK) <a href=\"https:\/\/twitter.com\/Piraten_TK\/status\/775614680702263296?ref_src=twsrc%5Etfw\">September 13, 2016<\/a><\/p><\/blockquote>\n<p><script async src=\"https:\/\/platform.twitter.com\/widgets.js\" charset=\"utf-8\"><\/script><\/p>\n<p>Der Senat plant die Umwandlung der Stra\u00dfe Am Treptower Park in eine Zweitichtungsstra\u00dfe. Diese Information ist sehr gut versteckt, so dass es nur wenige Menschen kennen. Die Planungsunterlagen der A100 gehen beim Bau des 17. Bauabschnittes davon aus, zudem wird es im Stadtentwicklungskonzept angerissen, ohne deutlich zu werden (<a href=\"http:\/\/renephoenix.de\/zweirichtungsverkehr-am-treptower-park\">siehe auch<\/a>). Die Piraten haben daraufhin schon <a href=\"http:\/\/www.berlin.de\/ba-treptow-koepenick\/politik-und-verwaltung\/bezirksverordnetenversammlung\/online\/vo020.asp?VOLFDNR=5399\">einen Antrag gegen diese Umwandlung gestellt<\/a>, der aber abgelehnt wurde. Nun bringen wir diese Debatte aufs Wahlplakat!<\/p>\n<h2><strong>Schulwege sichern &#8211; zu Fu\u00df und per Rad<\/strong><\/h2>\n<p><strong>Plakate: #239, #243<\/strong><\/p>\n<blockquote class=\"twitter-tweet\" data-width=\"500\" data-dnt=\"true\">\n<p lang=\"de\" dir=\"ltr\">Zum Schulanfang auch <a href=\"https:\/\/twitter.com\/hashtag\/WahlplakateFromHell?src=hash&amp;ref_src=twsrc%5Etfw\">#WahlplakateFromHell<\/a>. H\u00e4ufig werden gute Ideen von der VLB einfach beerdigt. <a href=\"https:\/\/twitter.com\/hashtag\/agh16?src=hash&amp;ref_src=twsrc%5Etfw\">#agh16<\/a> <a href=\"https:\/\/twitter.com\/hashtag\/bvvtk?src=hash&amp;ref_src=twsrc%5Etfw\">#bvvtk<\/a> <a href=\"https:\/\/t.co\/0KAYwo7L16\">pic.twitter.com\/0KAYwo7L16<\/a><\/p>\n<p>&mdash; Ren\u00e9 P\u00f6nitz (@treptauer) <a href=\"https:\/\/twitter.com\/treptauer\/status\/775609082392809472?ref_src=twsrc%5Etfw\">September 13, 2016<\/a><\/p><\/blockquote>\n<p><script async src=\"https:\/\/platform.twitter.com\/widgets.js\" charset=\"utf-8\"><\/script><\/p>\n<p>In dieser Legislatur gab es schon viele Antr\u00e4ge zu diesem Zweck, doch h\u00e4ufig scheitern diese bei der Verkehrslenkung Berlin. Dies m\u00fcssen wir \u00e4ndern. Die Einrichtungen von Gehwegvorstreckungen, Fahrbahnmarkierungen und Zebrastreifen darf keine Raketenwissenschaft sein.<\/p>\n<h1>4. Umwelt und Natur<\/h1>\n<h2><strong>4.1. Urban Gardening f\u00e4ngt in der Baumscheibe an<\/strong><\/h2>\n<p><strong>Plakate: #001, #002, #043, #222, #229<\/strong><\/p>\n<blockquote class=\"twitter-tweet\" data-width=\"500\" data-dnt=\"true\">\n<p lang=\"de\" dir=\"ltr\">Da wird sich sogar <a href=\"https:\/\/twitter.com\/Harald_Moritz?ref_src=twsrc%5Etfw\">@Harald_Moritz<\/a> freuen&#8230; <a href=\"https:\/\/twitter.com\/hashtag\/WahlplakateFromHell?src=hash&amp;ref_src=twsrc%5Etfw\">#WahlplakateFromHell<\/a> <a href=\"https:\/\/twitter.com\/hashtag\/bvvtk?src=hash&amp;ref_src=twsrc%5Etfw\">#bvvtk<\/a> <a href=\"https:\/\/t.co\/6wMjCiaiUL\">pic.twitter.com\/6wMjCiaiUL<\/a><\/p>\n<p>&mdash; Piraten TK (@Piraten_TK) <a href=\"https:\/\/twitter.com\/Piraten_TK\/status\/768078536183873536?ref_src=twsrc%5Etfw\">August 23, 2016<\/a><\/p><\/blockquote>\n<p><script async src=\"https:\/\/platform.twitter.com\/widgets.js\" charset=\"utf-8\"><\/script><\/p>\n<p>Vor einigen Jahren begannen einige Anwohner in Alt-Treptow, die Fl\u00e4chen um die Stra\u00dfenb\u00e4ume liebevoll zu bepflanzen und als Mini-G\u00e4rtchen anzulegen. Noch bis ins Jahre 2010 wurde dies nicht geduldet und die kleinen Einz\u00e4unungen sogar entfernt. Zwar gab das Gr\u00fcnfl\u00e4chenamt dem Druck nach, aber nur unter strengen Auflagen. Wir wollen dies weiter lockern und das Gr\u00fcnfl\u00e4chenamt sogar dazu bringen, solche Initiativen auch anzuregen!<\/p>\n<h2><strong>4.2 Schmetterlingswiesen in die H\u00e4nde der Nutzer\/innen<\/strong><\/h2>\n<p><strong>Plakate: #003, #004<\/strong><\/p>\n<blockquote class=\"twitter-tweet\" data-width=\"500\" data-dnt=\"true\">\n<p lang=\"de\" dir=\"ltr\">Klare Ansage zum Gr\u00fcnfl\u00e4chenamt und ehrenschaftlichen Engagement. <a href=\"https:\/\/twitter.com\/hashtag\/WahlplakateFromHell?src=hash&amp;ref_src=twsrc%5Etfw\">#WahlplakateFromHell<\/a> <a href=\"https:\/\/twitter.com\/hashtag\/bvvtk?src=hash&amp;ref_src=twsrc%5Etfw\">#bvvtk<\/a> <a href=\"https:\/\/t.co\/86CWGYTWkS\">pic.twitter.com\/86CWGYTWkS<\/a><\/p>\n<p>&mdash; Piraten TK (@Piraten_TK) <a href=\"https:\/\/twitter.com\/Piraten_TK\/status\/768077930958299136?ref_src=twsrc%5Etfw\">August 23, 2016<\/a><\/p><\/blockquote>\n<p><script async src=\"https:\/\/platform.twitter.com\/widgets.js\" charset=\"utf-8\"><\/script><\/p>\n<p>Ein weiteres trauriges Kapitel seitens des Gr\u00fcnfl\u00e4chenamtes ist die Wiese am Lohm\u00fchlenplatz. Im Jahre 2012 wurde begonnen, die Fl\u00e4chen zu roden. Einige Anwohner reagierten und versuchten die Vegetationsbestand zu retten. F\u00fcr einen kleinen Teil gelang dies. Die Rodung hatte vor allem wirtschaftliche Gr\u00fcne, schlie\u00dflich ist eine Wiese preiswerter zu bewirtschaften.<\/p>\n<h2>4.3 Baumschulenstra\u00dfe leiser machen<\/h2>\n<p><strong>Plakate: #230<\/strong><\/p>\n<blockquote class=\"twitter-tweet\" data-width=\"500\" data-dnt=\"true\">\n<p lang=\"de\" dir=\"ltr\">L\u00e4rmreduzierung und Verkehrsberuhigung in Baumschulenweg. <a href=\"https:\/\/twitter.com\/hashtag\/WahlplakateFromHell?src=hash&amp;ref_src=twsrc%5Etfw\">#WahlplakateFromHell<\/a> <a href=\"https:\/\/twitter.com\/hashtag\/bvvtk?src=hash&amp;ref_src=twsrc%5Etfw\">#bvvtk<\/a> <a href=\"https:\/\/twitter.com\/hashtag\/agh16?src=hash&amp;ref_src=twsrc%5Etfw\">#agh16<\/a> <a href=\"https:\/\/t.co\/bSeKuiiEoe\">pic.twitter.com\/bSeKuiiEoe<\/a><\/p>\n<p>&mdash; Piraten TK (@Piraten_TK) <a href=\"https:\/\/twitter.com\/Piraten_TK\/status\/772891275028733952?ref_src=twsrc%5Etfw\">September 5, 2016<\/a><\/p><\/blockquote>\n<p><script async src=\"https:\/\/platform.twitter.com\/widgets.js\" charset=\"utf-8\"><\/script><\/p>\n<p>Zugegeben: keine leichte Aufgabe beim heutigen Verkehr. Die Baumschulenstra\u00dfe h\u00e4tte\u00a0den Charakter einer Flaniermeile &#8211; doch der breite Asphaltstreifen trennt die Stra\u00dfenh\u00e4lften ungemein.\u00a0Wir wollen die Debatte ansto\u00dfen, damit in Richtung Verkehrberuhigung etwas tut.<\/p>\n<p>&nbsp;<\/p>\n<h1>5. Berliner Flughafen BER<\/h1>\n<h2><strong>5.1. Alle Gutachten ver\u00f6ffentlichen<\/strong><\/h2>\n<p><strong>Plakate: #103, #106<\/strong><\/p>\n<blockquote class=\"twitter-tweet\" data-width=\"500\" data-dnt=\"true\">\n<p lang=\"de\" dir=\"ltr\">Wir k\u00f6nnen und m\u00fcssen auch ohne Martin D. den BER bearbeiten&#8230;<a href=\"https:\/\/twitter.com\/hashtag\/WahlplakateFromHell?src=hash&amp;ref_src=twsrc%5Etfw\">#WahlplakateFromHell<\/a> <a href=\"https:\/\/twitter.com\/hashtag\/bvvtk?src=hash&amp;ref_src=twsrc%5Etfw\">#bvvtk<\/a> <a href=\"https:\/\/twitter.com\/hashtag\/agh16?src=hash&amp;ref_src=twsrc%5Etfw\">#agh16<\/a> <a href=\"https:\/\/t.co\/k9mkGfRFLU\">pic.twitter.com\/k9mkGfRFLU<\/a><\/p>\n<p>&mdash; Piraten TK (@Piraten_TK) <a href=\"https:\/\/twitter.com\/Piraten_TK\/status\/768508901729964037?ref_src=twsrc%5Etfw\">August 24, 2016<\/a><\/p><\/blockquote>\n<p><script async src=\"https:\/\/platform.twitter.com\/widgets.js\" charset=\"utf-8\"><\/script><\/p>\n<p>Die Berliner Piraten haben <a href=\"https:\/\/wiki.piratenpartei.de\/BE:Wahlprogramm\/2016#Kein_Geld_mehr_f.C3.BCr_den_Flughafen_Berlin_Brandenburg\">in ihrem Wahlprogramm zum BER<\/a> folgendes stehen:<\/p>\n<blockquote><p>Die Piratenpartei Berlin will durchsetzen, dass keine zus\u00e4tzlichen \u00f6ffentlichen Gelder f\u00fcr die Fertigstellung des BER mehr ausgegeben werden. Der Bau wird gestoppt und der Senat wird beauftragt, ein klares Konzept zur Fertigstellung oder Nutzung zu entwickeln und alle bestehenden Gutachten und Vertr\u00e4ge offenzulegen, bevor weitergebaut wird. In diesem Zuge ist zu pr\u00fcfen, ob die Suche nach einem neuen Standort und ein Neubau des Flughafens BER g\u00fcnstiger w\u00e4ren, als die weiteren Bem\u00fchungen um einen funktionst\u00fcchtigen Flughafen am aktuellen Standort. Weiterhin wird eine Pr\u00fcfung gefordert, ob es aus Kostengr\u00fcnden sinnvoller w\u00e4re, den Bau eines Flughafens komplett aufzugeben und stattdessen die n\u00e4chstgelegenen vorhandenen Flugh\u00e4fen auszubauen und weiter zu nutzen. Zus\u00e4tzlich fordert die Piratenpartei Berlin eine Pr\u00fcfung der m\u00f6glichen Nachnutzungsoptionen f\u00fcr das Gel\u00e4nde des unfertigen Flughafens BER, falls sich ein anderer Ort als besserer Flughafenstandort herausstellt oder die Flughafenplanung eingestellt wird.<\/p><\/blockquote>\n<p>Aus diesen Programm haben wir mehrere Plakate entwurfen.<\/p>\n<h2><strong>5.2. Keine Fl\u00fcge 22-6<\/strong><\/h2>\n<p><strong>Plakate: #145, #156, #168, #196<\/strong><\/p>\n<blockquote class=\"twitter-tweet\" data-width=\"500\" data-dnt=\"true\">\n<p lang=\"de\" dir=\"ltr\">Laut <a href=\"https:\/\/twitter.com\/a_watch?ref_src=twsrc%5Etfw\">@a_watch<\/a> sind 75% der Kandidaten von <a href=\"https:\/\/twitter.com\/PiratenBerlin?ref_src=twsrc%5Etfw\">@PiratenBerlin<\/a> f\u00fcr das <a href=\"https:\/\/twitter.com\/hashtag\/Nachtflugverbot?src=hash&amp;ref_src=twsrc%5Etfw\">#Nachtflugverbot<\/a> <a href=\"https:\/\/twitter.com\/hashtag\/WahlplakateFromHell?src=hash&amp;ref_src=twsrc%5Etfw\">#WahlplakateFromHell<\/a> <a href=\"https:\/\/twitter.com\/hashtag\/bvvtk?src=hash&amp;ref_src=twsrc%5Etfw\">#bvvtk<\/a> <a href=\"https:\/\/twitter.com\/hashtag\/agh16?src=hash&amp;ref_src=twsrc%5Etfw\">#agh16<\/a> <a href=\"https:\/\/t.co\/P612zR42E0\">pic.twitter.com\/P612zR42E0<\/a><\/p>\n<p>&mdash; Piraten TK (@Piraten_TK) <a href=\"https:\/\/twitter.com\/Piraten_TK\/status\/769115474902867968?ref_src=twsrc%5Etfw\">August 26, 2016<\/a><\/p><\/blockquote>\n<p><script async src=\"https:\/\/platform.twitter.com\/widgets.js\" charset=\"utf-8\"><\/script><\/p>\n<h2><strong>5.3. Standortpr\u00fcfung<\/strong><\/h2>\n<p><strong>Plakat: #135, #183, #169<\/strong><\/p>\n<blockquote class=\"twitter-tweet\" data-width=\"500\" data-dnt=\"true\">\n<p lang=\"de\" dir=\"ltr\">Kein wei\u00df, wanns wird. Aber so langsam reicht es. <a href=\"https:\/\/twitter.com\/hashtag\/WahlplakateFromHell?src=hash&amp;ref_src=twsrc%5Etfw\">#WahlplakateFromHell<\/a> <a href=\"https:\/\/twitter.com\/hashtag\/bvvtk?src=hash&amp;ref_src=twsrc%5Etfw\">#bvvtk<\/a> <a href=\"https:\/\/twitter.com\/hashtag\/agh16?src=hash&amp;ref_src=twsrc%5Etfw\">#agh16<\/a> <a href=\"https:\/\/t.co\/ZghGhWyMCg\">pic.twitter.com\/ZghGhWyMCg<\/a><\/p>\n<p>&mdash; Piraten TK (@Piraten_TK) <a href=\"https:\/\/twitter.com\/Piraten_TK\/status\/769114161599156224?ref_src=twsrc%5Etfw\">August 26, 2016<\/a><\/p><\/blockquote>\n<p><script async src=\"https:\/\/platform.twitter.com\/widgets.js\" charset=\"utf-8\"><\/script><\/p>\n<p>Siehe Wahlprogrammauszug bei 5.1.<\/p>\n<h2><strong>5.4.\u00a0Kein Fass ohne Boden<\/strong><\/h2>\n<p><strong>Plakate: #139, #193<\/strong><\/p>\n<blockquote class=\"twitter-tweet\" data-width=\"500\" data-dnt=\"true\">\n<p lang=\"de\" dir=\"ltr\">Selbstverst\u00e4ndlichkeiten. Aber nicht f\u00fcr Alle. <a href=\"https:\/\/twitter.com\/hashtag\/WahlplakateFromHell?src=hash&amp;ref_src=twsrc%5Etfw\">#WahlplakateFromHell<\/a> <a href=\"https:\/\/twitter.com\/hashtag\/bvvtk?src=hash&amp;ref_src=twsrc%5Etfw\">#bvvtk<\/a> <a href=\"https:\/\/twitter.com\/hashtag\/agh16?src=hash&amp;ref_src=twsrc%5Etfw\">#agh16<\/a> <a href=\"https:\/\/t.co\/OnUkBHQdJ7\">pic.twitter.com\/OnUkBHQdJ7<\/a><\/p>\n<p>&mdash; Piraten TK (@Piraten_TK) <a href=\"https:\/\/twitter.com\/Piraten_TK\/status\/769166955689472000?ref_src=twsrc%5Etfw\">August 26, 2016<\/a><\/p><\/blockquote>\n<p><script async src=\"https:\/\/platform.twitter.com\/widgets.js\" charset=\"utf-8\"><\/script><\/p>\n<p>Weitere Plakate zum BER:\u00a0#017, #044,#124, #125.<\/p>\n<h1>6. Weiteres und Individuelles<\/h1>\n<h2><strong>6.1. 3 Monate Wartezeit beim B\u00fcrgeramt? Das geht anders!<\/strong><\/h2>\n<p><strong>Plakate: #097, #098<\/strong><\/p>\n<blockquote class=\"twitter-tweet\" data-width=\"500\" data-dnt=\"true\">\n<p lang=\"de\" dir=\"ltr\">Traurig. Den Persolalabbau von SPD und CDU sp\u00fcrt man hier besonders. <a href=\"https:\/\/twitter.com\/hashtag\/WahlplakateFromHell?src=hash&amp;ref_src=twsrc%5Etfw\">#WahlplakateFromHell<\/a> <a href=\"https:\/\/twitter.com\/hashtag\/bvvtk?src=hash&amp;ref_src=twsrc%5Etfw\">#bvvtk<\/a> <a href=\"https:\/\/twitter.com\/hashtag\/agh16?src=hash&amp;ref_src=twsrc%5Etfw\">#agh16<\/a> <a href=\"https:\/\/t.co\/UZ0i1I2uQg\">pic.twitter.com\/UZ0i1I2uQg<\/a><\/p>\n<p>&mdash; Piraten TK (@Piraten_TK) <a href=\"https:\/\/twitter.com\/Piraten_TK\/status\/769124144038436864?ref_src=twsrc%5Etfw\">August 26, 2016<\/a><\/p><\/blockquote>\n<p><script async src=\"https:\/\/platform.twitter.com\/widgets.js\" charset=\"utf-8\"><\/script><\/p>\n<p>Ersch\u00f6pft sitzen wir im Imbiss und st\u00e4rken uns vom Plakatieren. Am Nachbartisch wird gerade sich dar\u00fcber beschwert, wie lange es dauert, bis man einen Termin beim B\u00fcrgeramt bekommt. Und ja: sie haben Recht. Nat\u00fcrlich geht das anders. Einerseits kann mehr Personal das Problem lindern. Aber warum k\u00f6nnen nicht viel mehr Dinge entspannt von zu Hause aus erledigt werden?<\/p>\n<h2><strong>6.2. Hier wohnte Ruth Werner<\/strong><\/h2>\n<p><strong>Plakate: #053, #054<\/strong><\/p>\n<blockquote class=\"twitter-tweet\" data-width=\"500\" data-dnt=\"true\">\n<p lang=\"de\" dir=\"ltr\">Was das Bezirksamt nicht schaffte, machen wir nun f\u00fcr 4 Wochen. <a href=\"https:\/\/twitter.com\/hashtag\/WahlplakateFromHell?src=hash&amp;ref_src=twsrc%5Etfw\">#WahlplakateFromHell<\/a> <a href=\"https:\/\/twitter.com\/hashtag\/bvvtk?src=hash&amp;ref_src=twsrc%5Etfw\">#bvvtk<\/a> <a href=\"https:\/\/t.co\/I7U8qRPPjW\">pic.twitter.com\/I7U8qRPPjW<\/a><\/p>\n<p>&mdash; Piraten TK (@Piraten_TK) <a href=\"https:\/\/twitter.com\/Piraten_TK\/status\/768129051840110592?ref_src=twsrc%5Etfw\">August 23, 2016<\/a><\/p><\/blockquote>\n<p><script async src=\"https:\/\/platform.twitter.com\/widgets.js\" charset=\"utf-8\"><\/script><\/p>\n<p>Wir wollen diese Pers\u00f6nlichkeit weder f\u00fcr ihren Lebenslauf loben, noch tadeln. Sie war Kommunistin, Schriftstellerin und Agentin &#8222;Sonja.&#8220;. <a href=\"https:\/\/de.wikipedia.org\/wiki\/Ruth_Werner\">Wer mehr \u00fcber sie wissen m\u00f6chte&#8230;.<\/a><\/p>\n<p>Wir nehmen aber zur Kenntnis, dass es in ihrem einstigen Wohnumfeld am Dammweg 35 sehr wohl Menschen gibt, die ihren Namen gerne gew\u00fcrdigt sehen. Im Rahmen der Kiezkasse 2013 sollten <a href=\"http:\/\/www.berlin.de\/ba-treptow-koepenick\/_assets\/aktuelles\/buergerbeteiligung\/kiezkasse\/pdf\/abrechnung_kiezkassen_2013.pdf\">300 Euro f\u00fcr geeignete Stra\u00dfenzusatzschilder oder andere geeignete Tafeln verwendet werden<\/a>. Leider war das Bezirksamt hier zu keinerlei sinnvollen Vorschl\u00e4gen bereit, so dass am Ende des Jahres nur ein mobiler Aufsteller m\u00f6glich war. So wollen wir diesen Wunsch wenigstens bis zum Ende der Wahl mittels eines Plakates deutlich machen!<\/p>\n<h2>6.3. Auch ohne Lollapalooza Teil des Treptower Parks zerst\u00f6rt<\/h2>\n<p><strong>Plakate: #148, #149<\/strong><\/p>\n<blockquote class=\"twitter-tweet\" data-width=\"500\" data-dnt=\"true\">\n<p lang=\"de\" dir=\"ltr\">Wo vor Monaten noch riesige Platanen standen&#8230; <a href=\"https:\/\/twitter.com\/hashtag\/WahlplakateFromHell?src=hash&amp;ref_src=twsrc%5Etfw\">#WahlplakateFromHell<\/a> <a href=\"https:\/\/twitter.com\/hashtag\/bvvtk?src=hash&amp;ref_src=twsrc%5Etfw\">#bvvtk<\/a> <a href=\"https:\/\/twitter.com\/hashtag\/agh16?src=hash&amp;ref_src=twsrc%5Etfw\">#agh16<\/a> <a href=\"https:\/\/t.co\/phJ2ZjxKev\">pic.twitter.com\/phJ2ZjxKev<\/a><\/p>\n<p>&mdash; Piraten TK (@Piraten_TK) <a href=\"https:\/\/twitter.com\/Piraten_TK\/status\/769120281109594112?ref_src=twsrc%5Etfw\">August 26, 2016<\/a><\/p><\/blockquote>\n<p><script async src=\"https:\/\/platform.twitter.com\/widgets.js\" charset=\"utf-8\"><\/script><\/p>\n<p>Die CDU spielt sich als Retter des Gartendenkmals Treptower Parks auf. Aber ein Teil dieses Denkmals wurde erst vor einigen Monaten zerst\u00f6rt: die Platanenallee im Bereich der Elsenstra\u00dfe.<\/p>\n<h2>6.4. Treptower Spreetunnel sichtbar machen<\/h2>\n<p><strong>Plakate: #142, #143<\/strong><\/p>\n<blockquote class=\"twitter-tweet\" data-width=\"500\" data-dnt=\"true\">\n<p lang=\"de\" dir=\"ltr\">Wir wollen das Denkmal sichtbar machen. Das Amt will blos ne Tafel. <a href=\"https:\/\/twitter.com\/hashtag\/WahlplakateFromHell?src=hash&amp;ref_src=twsrc%5Etfw\">#WahlplakateFromHell<\/a> <a href=\"https:\/\/twitter.com\/hashtag\/bvvtk?src=hash&amp;ref_src=twsrc%5Etfw\">#bvvtk<\/a> <a href=\"https:\/\/twitter.com\/hashtag\/agh16?src=hash&amp;ref_src=twsrc%5Etfw\">#agh16<\/a> <a href=\"https:\/\/t.co\/QwvyzXVJrB\">pic.twitter.com\/QwvyzXVJrB<\/a><\/p>\n<p>&mdash; Piraten TK (@Piraten_TK) <a href=\"https:\/\/twitter.com\/Piraten_TK\/status\/769119695630921728?ref_src=twsrc%5Etfw\">August 26, 2016<\/a><\/p><\/blockquote>\n<p><script async src=\"https:\/\/platform.twitter.com\/widgets.js\" charset=\"utf-8\"><\/script><\/p>\n<p><a href=\"https:\/\/de.wikipedia.org\/wiki\/Spreetunnel_Stralau%E2%80%93Treptow\">Wir wollen die Wikipedia nicht abschreiben.<\/a>\u00a0 Noch immer liegen davon auch Teile im Treptower Park. Wir haben einen BVV-Beschluss initiiiert, dass dieser Tunnel deutlich gemacht wird, da dieses Bauwerk historisch sehr wichtig ist. Insbesondere war dies der Vorl\u00e4ufer f\u00fcr die Berliner U-Bahn!<\/p>\n<h2><strong>6.5. Mehr Anlegestellen f\u00fcr den Wassersport<\/strong><\/h2>\n<p><strong>Plakate: #150, #151<\/strong><\/p>\n<blockquote class=\"twitter-tweet\" data-width=\"500\" data-dnt=\"true\">\n<p lang=\"de\" dir=\"ltr\">Wer mit Sportsbooten unterwegs ist, kann in Sch\u00f6neweide nicht anlegen. <a href=\"https:\/\/twitter.com\/hashtag\/WahlplakateFromHell?src=hash&amp;ref_src=twsrc%5Etfw\">#WahlplakateFromHell<\/a> <a href=\"https:\/\/twitter.com\/hashtag\/bvvtk?src=hash&amp;ref_src=twsrc%5Etfw\">#bvvtk<\/a> <a href=\"https:\/\/twitter.com\/hashtag\/agh16?src=hash&amp;ref_src=twsrc%5Etfw\">#agh16<\/a> <a href=\"https:\/\/t.co\/RgwV2c25Du\">pic.twitter.com\/RgwV2c25Du<\/a><\/p>\n<p>&mdash; Piraten TK (@Piraten_TK) <a href=\"https:\/\/twitter.com\/Piraten_TK\/status\/769119390948352000?ref_src=twsrc%5Etfw\">August 26, 2016<\/a><\/p><\/blockquote>\n<p><script async src=\"https:\/\/platform.twitter.com\/widgets.js\" charset=\"utf-8\"><\/script><\/p>\n<div>Der Wassersport ist im kommen. Und mit ihm auch viele Touristen. Aber die Steganlagen sind unzureichend.<\/div>\n<h1><strong>6.6 Bohnsdorfer Kreisel als Einbahnstra\u00dfe<\/strong><\/h1>\n<div><strong>Plakate: #079, #080, #127, #128, #164, #165<\/strong><\/div>\n<blockquote class=\"twitter-tweet\" data-width=\"500\" data-dnt=\"true\">\n<p lang=\"de\" dir=\"ltr\">Die aktuellen Pl\u00e4ne sind nicht gut. Und fordern den <a href=\"https:\/\/twitter.com\/radentscheid?ref_src=twsrc%5Etfw\">@radentscheid<\/a> heraus! <a href=\"https:\/\/twitter.com\/hashtag\/WahlplakateFromHell?src=hash&amp;ref_src=twsrc%5Etfw\">#WahlplakateFromHell<\/a> <a href=\"https:\/\/twitter.com\/hashtag\/bvvtk?src=hash&amp;ref_src=twsrc%5Etfw\">#bvvtk<\/a> <a href=\"https:\/\/twitter.com\/hashtag\/agh16?src=hash&amp;ref_src=twsrc%5Etfw\">#agh16<\/a> <a href=\"https:\/\/t.co\/1jSKRiGBhm\">pic.twitter.com\/1jSKRiGBhm<\/a><\/p>\n<p>&mdash; Piraten TK (@Piraten_TK) <a href=\"https:\/\/twitter.com\/Piraten_TK\/status\/769117607362461696?ref_src=twsrc%5Etfw\">August 26, 2016<\/a><\/p><\/blockquote>\n<p><script async src=\"https:\/\/platform.twitter.com\/widgets.js\" charset=\"utf-8\"><\/script><\/p>\n<p>Der Bohnsdorfer Kreisel soll umgebaut werden &#8211; und wieder werden die Einwohner nicht mitgenommen haben. Die Folge ist nun, dass ca. 3000 Unterschriften f\u00fcr einen Einwohnerantrag gesammelt worden sind, der die Einbahnstra\u00dfenl\u00f6sung fordert. Wir schlie\u00dfen uns der Forderung an. Denn die aktuellen Pl\u00e4ne weisen deutliche Schw\u00e4chen auf, insbesondere f\u00fcr den Radverkehr. (<a href=\"http:\/\/renephoenix.de\/bohnsdorfer-kreisel\">Mehr zum Thema<\/a>)<\/p>\n<h1><strong>6.7 Kein Wohnungsumbau im Riviera-Areal<\/strong><\/h1>\n<p><strong>Plakate: #081, #082, #083, #084<\/strong><\/p>\n<blockquote class=\"twitter-tweet\" data-width=\"500\" data-dnt=\"true\">\n<p lang=\"de\" dir=\"ltr\">\u00dcber 1000 Einwohner fordern. Wir antworten. Kein Wohnungsbau ins Tanzlokal. <a href=\"https:\/\/twitter.com\/hashtag\/WahlplakateFromHell?src=hash&amp;ref_src=twsrc%5Etfw\">#WahlplakateFromHell<\/a> <a href=\"https:\/\/twitter.com\/hashtag\/bvvtk?src=hash&amp;ref_src=twsrc%5Etfw\">#bvvtk<\/a> <a href=\"https:\/\/twitter.com\/hashtag\/agh16?src=hash&amp;ref_src=twsrc%5Etfw\">#agh16<\/a> <a href=\"https:\/\/t.co\/7xKnk9HrDF\">pic.twitter.com\/7xKnk9HrDF<\/a><\/p>\n<p>&mdash; Piraten TK (@Piraten_TK) <a href=\"https:\/\/twitter.com\/Piraten_TK\/status\/769116677137104896?ref_src=twsrc%5Etfw\">August 26, 2016<\/a><\/p><\/blockquote>\n<p><script async src=\"https:\/\/platform.twitter.com\/widgets.js\" charset=\"utf-8\"><\/script><\/p>\n<p>Der denkmalrechtliche Erhalt klappt nicht und die Sorge, dass die Geb\u00e4ude f\u00fcr Wohnungsbau weichen k\u00f6nnten, besteht. Daher forderten \u00fcber 1000 Einwohner den Erhalt in seiner urspr\u00fcnglichen Nutzung.<\/p>\n<h1><strong>6.8 H\u00fcrden abbauen f\u00fcr Anwohnerfeste.<\/strong><\/h1>\n<p><strong>Nachbarschaftliches &amp; ehrenamtliches Engagement st\u00e4rken.<\/strong><\/p>\n<p><strong>Plakate: #197, #198<\/strong><\/p>\n<blockquote class=\"twitter-tweet\" data-width=\"500\" data-dnt=\"true\">\n<p lang=\"de\" dir=\"ltr\">Nachbarschaftliches &amp; ehrenamtliches Engagement st\u00e4rken. <a href=\"https:\/\/twitter.com\/hashtag\/WahlplakateFromHell?src=hash&amp;ref_src=twsrc%5Etfw\">#WahlplakateFromHell<\/a> <a href=\"https:\/\/twitter.com\/hashtag\/bvvtk?src=hash&amp;ref_src=twsrc%5Etfw\">#bvvtk<\/a> <a href=\"https:\/\/twitter.com\/hashtag\/agh16?src=hash&amp;ref_src=twsrc%5Etfw\">#agh16<\/a> <a href=\"https:\/\/t.co\/TOzdk5z99O\">pic.twitter.com\/TOzdk5z99O<\/a><\/p>\n<p>&mdash; Piraten TK (@Piraten_TK) <a href=\"https:\/\/twitter.com\/Piraten_TK\/status\/771102790718464000?ref_src=twsrc%5Etfw\">August 31, 2016<\/a><\/p><\/blockquote>\n<p><script async src=\"https:\/\/platform.twitter.com\/widgets.js\" charset=\"utf-8\"><\/script><\/p>\n<p>Wie schwer und aufwendig es ist, ein kleines Stra\u00dfenfest ohne finanziellen Hintergrund zu organisieren, wissen nur die, die so etwas schon getan haben. Das wollen wir gerne vereinfachen.<\/p>\n<h1><strong>7. Unsere Kandidaten<\/strong><\/h1>\n<p>Anmerkung: F\u00fcr Wahlkreise, 2, 3 und 6 gibt es keine speziellen Plakate.<\/p>\n<h2><strong>7. 1 Wahlkreis 1: Ren\u00e9 P\u00f6nitz<br \/>\n<\/strong><\/h2>\n<p><strong>Plakate: #041, #042, #073, #074, #174, #220<\/strong><\/p>\n<blockquote class=\"twitter-tweet\" data-width=\"500\" data-dnt=\"true\">\n<p lang=\"de\" dir=\"ltr\">Unsere unkonventionellen Direktkandidaten <a href=\"https:\/\/twitter.com\/hashtag\/WahlplakateFromHell?src=hash&amp;ref_src=twsrc%5Etfw\">#WahlplakateFromHell<\/a> <a href=\"https:\/\/twitter.com\/hashtag\/bvvtk?src=hash&amp;ref_src=twsrc%5Etfw\">#bvvtk<\/a> <a href=\"https:\/\/t.co\/rJBIEpbSpl\">pic.twitter.com\/rJBIEpbSpl<\/a><\/p>\n<p>&mdash; Piraten TK (@Piraten_TK) <a href=\"https:\/\/twitter.com\/Piraten_TK\/status\/768078177080078336?ref_src=twsrc%5Etfw\">August 23, 2016<\/a><\/p><\/blockquote>\n<p><script async src=\"https:\/\/platform.twitter.com\/widgets.js\" charset=\"utf-8\"><\/script><\/p>\n<h2><strong>7.2. Wahlkreis 4: Andr\u00e9 Lefeber<\/strong><\/h2>\n<p><strong>Plakate: #085, #086, #087, #185, #186<\/strong><\/p>\n<blockquote class=\"twitter-tweet\" data-width=\"500\" data-dnt=\"true\">\n<p lang=\"de\" dir=\"ltr\">Andr\u00e9 k\u00e4mpft f\u00fcr Inklusion im Wahlkreis 4 <a href=\"https:\/\/twitter.com\/hashtag\/WahlplakateFromHell?src=hash&amp;ref_src=twsrc%5Etfw\">#WahlplakateFromHell<\/a> <a href=\"https:\/\/twitter.com\/hashtag\/bvvtk?src=hash&amp;ref_src=twsrc%5Etfw\">#bvvtk<\/a> <a href=\"https:\/\/twitter.com\/hashtag\/agh16?src=hash&amp;ref_src=twsrc%5Etfw\">#agh16<\/a> <a href=\"https:\/\/t.co\/jiXCTOvAKa\">pic.twitter.com\/jiXCTOvAKa<\/a><\/p>\n<p>&mdash; Piraten TK (@Piraten_TK) <a href=\"https:\/\/twitter.com\/Piraten_TK\/status\/768504561405456384?ref_src=twsrc%5Etfw\">August 24, 2016<\/a><\/p><\/blockquote>\n<p><script async src=\"https:\/\/platform.twitter.com\/widgets.js\" charset=\"utf-8\"><\/script><\/p>\n<h2><strong>7.3. Wahlkreis 5: Stra\u00dfenbahnfahrer Andrej Springer<br \/>\n<\/strong><\/h2>\n<p><strong>Plakate: #093, #094, #095, #096, #187, #189<\/strong><\/p>\n<blockquote class=\"twitter-tweet\" data-width=\"500\" data-dnt=\"true\">\n<p lang=\"de\" dir=\"ltr\">Unser Kandidat f\u00fcr Wahlkreis 5 <a href=\"https:\/\/twitter.com\/akibiades?ref_src=twsrc%5Etfw\">@akibiades<\/a>  will die autofreie Altstadt. <a href=\"https:\/\/twitter.com\/hashtag\/WahlplakateFromHell?src=hash&amp;ref_src=twsrc%5Etfw\">#WahlplakateFromHell<\/a> <a href=\"https:\/\/twitter.com\/hashtag\/bvvtk?src=hash&amp;ref_src=twsrc%5Etfw\">#bvvtk<\/a> <a href=\"https:\/\/twitter.com\/hashtag\/agh16?src=hash&amp;ref_src=twsrc%5Etfw\">#agh16<\/a> <a href=\"https:\/\/t.co\/aWR6zrPmWH\">pic.twitter.com\/aWR6zrPmWH<\/a><\/p>\n<p>&mdash; Piraten TK (@Piraten_TK) <a href=\"https:\/\/twitter.com\/Piraten_TK\/status\/768560849816580100?ref_src=twsrc%5Etfw\">August 24, 2016<\/a><\/p><\/blockquote>\n<p><script async src=\"https:\/\/platform.twitter.com\/widgets.js\" charset=\"utf-8\"><\/script><\/p>\n<p>Unser Kandidat f\u00fcr Wahlkreis 5 nimmt sie gerne f\u00fcr 2,70 Euro mit in die Altstadt! Oder wenn wir wollen auch <a href=\"http:\/\/fahrscheinlos.piratenfraktion-berlin.de\/\">per solidarischer Umlage<\/a>. Aber dann brauchen wir mehr Stimmen!<\/p>\n<h1>8. Provokation<\/h1>\n<p>Nat\u00fcrlich provozieren wir auch ein wenig:<\/p>\n<h2><strong>8.1. Warum machen wir den Schei\u00df?<br \/>\n<\/strong><\/h2>\n<p><strong>Plakate: #055, #068, #138, #175<\/strong><\/p>\n<blockquote class=\"twitter-tweet\" data-width=\"500\" data-dnt=\"true\">\n<p lang=\"de\" dir=\"ltr\">Auch diese Frage stellen wir uns manchmal&#8230; <a href=\"https:\/\/twitter.com\/hashtag\/WahlplakateFromHell?src=hash&amp;ref_src=twsrc%5Etfw\">#WahlplakateFromHell<\/a> <a href=\"https:\/\/twitter.com\/hashtag\/bvvtk?src=hash&amp;ref_src=twsrc%5Etfw\">#bvvtk<\/a> <a href=\"https:\/\/t.co\/JTlGiXe8mW\">pic.twitter.com\/JTlGiXe8mW<\/a><\/p>\n<p>&mdash; Piraten TK (@Piraten_TK) <a href=\"https:\/\/twitter.com\/Piraten_TK\/status\/768077710904131584?ref_src=twsrc%5Etfw\">August 23, 2016<\/a><\/p><\/blockquote>\n<p><script async src=\"https:\/\/platform.twitter.com\/widgets.js\" charset=\"utf-8\"><\/script><\/p>\n<p>K\u00f6nnt ihr euch erkl\u00e4ren, wie die SPD immer noch in Meinungsumfragen \u00fcber 20% f\u00fcr ihre Politik erh\u00e4lt?<\/p>\n<h2><strong>8.2 Damit sich nicht Vogel und Igel &#8222;Gute Nacht&#8220; sagen m\u00fcssen!<\/strong><\/h2>\n<p><strong>Plakate: #029, #030, #031, #032, #033, #034, #035, #036, #037, #200<\/strong><\/p>\n<blockquote class=\"twitter-tweet\" data-width=\"500\" data-dnt=\"true\">\n<p lang=\"de\" dir=\"ltr\">Hier sollen sich Vogel ind Igel nicht Gute Nacht sagen. <a href=\"https:\/\/twitter.com\/hashtag\/WahlplakateFromHell?src=hash&amp;ref_src=twsrc%5Etfw\">#WahlplakateFromHell<\/a> <a href=\"https:\/\/twitter.com\/hashtag\/bvvtk?src=hash&amp;ref_src=twsrc%5Etfw\">#bvvtk<\/a> <a href=\"https:\/\/t.co\/Bjr37XRhjV\">pic.twitter.com\/Bjr37XRhjV<\/a><\/p>\n<p>&mdash; Piraten TK (@Piraten_TK) <a href=\"https:\/\/twitter.com\/Piraten_TK\/status\/768077409988046848?ref_src=twsrc%5Etfw\">August 23, 2016<\/a><\/p><\/blockquote>\n<p><script async src=\"https:\/\/platform.twitter.com\/widgets.js\" charset=\"utf-8\"><\/script><\/p>\n<p>Oliver Igel (SPD) und Michael Vogel (CDU) &#8211; das kann auch in der folgenden Wahlperiode nicht gut gehen!<\/p>\n<p>Die Plakatidee funktioniert \u00fcbrigens auch mit der Katrin Vogel (CDU):<\/p>\n<blockquote class=\"twitter-tweet\" data-width=\"500\" data-dnt=\"true\">\n<p lang=\"de\" dir=\"ltr\">in Adlershof gibt es diese Kombi auch mit Frau Vogel. <a href=\"https:\/\/twitter.com\/hashtag\/WahlplakateFromHell?src=hash&amp;ref_src=twsrc%5Etfw\">#WahlplakateFromHell<\/a> <a href=\"https:\/\/twitter.com\/hashtag\/bvvtk?src=hash&amp;ref_src=twsrc%5Etfw\">#bvvtk<\/a> <a href=\"https:\/\/twitter.com\/hashtag\/agh16?src=hash&amp;ref_src=twsrc%5Etfw\">#agh16<\/a> <a href=\"https:\/\/t.co\/gvkBqVzZ9C\">pic.twitter.com\/gvkBqVzZ9C<\/a><\/p>\n<p>&mdash; Piraten TK (@Piraten_TK) <a href=\"https:\/\/twitter.com\/Piraten_TK\/status\/770729237686910980?ref_src=twsrc%5Etfw\">August 30, 2016<\/a><\/p><\/blockquote>\n<p><script async src=\"https:\/\/platform.twitter.com\/widgets.js\" charset=\"utf-8\"><\/script><\/p>\n<h2><strong>8.3. Rathenau-Hallen: wir m\u00fcssen keinem ehemaligen Bausenator einen Gefallen tun. Die SPD schon!<\/strong><\/h2>\n<p><strong>Plakate: #039, #040<\/strong><\/p>\n<blockquote class=\"twitter-tweet\" data-width=\"500\" data-dnt=\"true\">\n<p lang=\"de\" dir=\"ltr\">&#8230; und wollen das auch nicht. <a href=\"https:\/\/twitter.com\/hashtag\/WahlplakateFromHell?src=hash&amp;ref_src=twsrc%5Etfw\">#WahlplakateFromHell<\/a> <a href=\"https:\/\/twitter.com\/hashtag\/bvvtk?src=hash&amp;ref_src=twsrc%5Etfw\">#bvvtk<\/a> <a href=\"https:\/\/twitter.com\/hashtag\/agh16?src=hash&amp;ref_src=twsrc%5Etfw\">#agh16<\/a> <a href=\"https:\/\/t.co\/JU3wyY2ELY\">pic.twitter.com\/JU3wyY2ELY<\/a><\/p>\n<p>&mdash; Piraten TK (@Piraten_TK) <a href=\"https:\/\/twitter.com\/Piraten_TK\/status\/768455257097662464?ref_src=twsrc%5Etfw\">August 24, 2016<\/a><\/p><\/blockquote>\n<p><script async src=\"https:\/\/platform.twitter.com\/widgets.js\" charset=\"utf-8\"><\/script><\/p>\n<p>Die Rathenau-Hallen in Sch\u00f6neweide sind ein markantes Bauwerkensemble der einstigen Industrie in Sch\u00f6neweide. Leider ist genau dieser Bereich vor einigen Jahren in ein Mischgebiet umgewandelt worden. Und ein Investor m\u00f6chte nun gerne auch zu einem bestimmten Anteil Wohnungen bauen. Leider vertragen sich Wohnungen und Gewerbe nicht immer, vor allem wegen der L\u00e4rmemission. Dies erkannten wir auch als Piraten und stellten gemeinsam mit Gr\u00fcne, SPD und CDU <a href=\"http:\/\/www.berlin.de\/ba-treptow-koepenick\/politik-und-verwaltung\/bezirksverordnetenversammlung\/online\/vo020.asp?VOLFDNR=5233\">einen Antrag<\/a>. Einige Aktive kritisierten diese Formulierung zu Recht: sie ist zu schwammig. Und im Rahmen der Debatte zeigte sich auch, dass diese Ungenauigkeit zu sehr unterschiedlichen Auslegungen f\u00fchrte.<\/p>\n<ul>\n<li>CDU geht davon aus, dass Wohnbebauung nicht mit dem Gewerbe vereinbar ist, folglich ist diese Textfassung unkritisch<\/li>\n<li>SPD macht Druck f\u00fcr schnellen Beschluss<\/li>\n<li>Gr\u00fcne und Piraten wollen keine Wohnbebauung<\/li>\n<li>Linke stellt \u00c4nderungsantrag und vernebelt die Debatte mit 25% Niedrigpreiskontigente<\/li>\n<\/ul>\n<p>Die Aktiven vor Ort sendeten eine klare Botschaft &#8211; mit \u00fcber 1000 Unterschriften. Dieser Antrag wurde von der BVV versenkt. Die schwammige Form blieb genauso schwammig. Und jeder bef\u00fcrchtet nun, dass Wohnungsbau einziehen wird.<\/p>\n<p>Auff\u00e4llig war das Verhalten und der Druck der SPD zu schnellen Beschl\u00fcssen &#8211; obwohl der Einwohnerantrag schon bekannt war. Und, \u00dcberraschung, die <a href=\"http:\/\/maulbeerblatt.com\/aktuell\/obergrenze-fu%CC%88r-die-rathenau-hallen\/\">Toruro GmbH mit Hauptsitz in Irland und in Berlin wird von Ex-Bausenator Peter Strieder vertreten<\/a>. Mehr <a href=\"http:\/\/renephoenix.de\/rathenauhallen\">zum Einwohnerantrag!<\/a><\/p>\n<h2><\/h2>\n<h1>8.4. Konsequenzen ziehen!<\/h1>\n<p><strong>Plakat: #157<\/strong><\/p>\n<blockquote class=\"twitter-tweet\" data-width=\"500\" data-dnt=\"true\">\n<p lang=\"de\" dir=\"ltr\">Verantwortung liegt bei einer Person, die die <a href=\"https:\/\/twitter.com\/hashtag\/bvvtk?src=hash&amp;ref_src=twsrc%5Etfw\">#bvvtk<\/a> die letzten 5 jahre besch\u00e4ftigte. <a href=\"https:\/\/twitter.com\/hashtag\/WahlplakateFromHell?src=hash&amp;ref_src=twsrc%5Etfw\">#WahlplakateFromHell<\/a> <a href=\"https:\/\/twitter.com\/hashtag\/agh16?src=hash&amp;ref_src=twsrc%5Etfw\">#agh16<\/a> <a href=\"https:\/\/t.co\/14j2qwhoNW\">pic.twitter.com\/14j2qwhoNW<\/a><\/p>\n<p>&mdash; Piraten TK (@Piraten_TK) <a href=\"https:\/\/twitter.com\/Piraten_TK\/status\/769118458843897856?ref_src=twsrc%5Etfw\">August 26, 2016<\/a><\/p><\/blockquote>\n<p><script async src=\"https:\/\/platform.twitter.com\/widgets.js\" charset=\"utf-8\"><\/script><\/p>\n<p>Es gibt einen Amtsbereich, in dem leider vieles im Argen ist. Und das bescherte den Bezirkspolitikern \u00fcber alle Parteigrenzen hinweg graue Haare. Am Anfang waren es den Musikschulen, sp\u00e4ter die Bibliotheken und auch die Volkshochschulen. Hier m\u00fcssen Konsequenzen gezogen werden. Wir sprechen es aus!<\/p>\n<p><strong>Bytheway:<\/strong> Wer den fehlenden Buchstaben findet, darf ihn behalten!<\/p>\n<h2><strong>8.5. Nazis nehmen uns die Laternen weg<\/strong><\/h2>\n<p><strong>Plakate: #018, #088, #118, #181, #188<\/strong><\/p>\n<blockquote class=\"twitter-tweet\" data-width=\"500\" data-dnt=\"true\">\n<p lang=\"de\" dir=\"ltr\">Noch trauriger&#8230; <a href=\"https:\/\/twitter.com\/DiePARTEIBerlin?ref_src=twsrc%5Etfw\">@DiePARTEIBerlin<\/a> hatte Recht. Hier h\u00e4ngen zu viele. <a href=\"https:\/\/twitter.com\/hashtag\/WahlplakateFromHell?src=hash&amp;ref_src=twsrc%5Etfw\">#WahlplakateFromHell<\/a> <a href=\"https:\/\/twitter.com\/hashtag\/bvvtk?src=hash&amp;ref_src=twsrc%5Etfw\">#bvvtk<\/a> <a href=\"https:\/\/twitter.com\/hashtag\/agh16?src=hash&amp;ref_src=twsrc%5Etfw\">#agh16<\/a> <a href=\"https:\/\/t.co\/PrArIjHu18\">pic.twitter.com\/PrArIjHu18<\/a><\/p>\n<p>&mdash; Piraten TK (@Piraten_TK) <a href=\"https:\/\/twitter.com\/Piraten_TK\/status\/768501932793163776?ref_src=twsrc%5Etfw\">August 24, 2016<\/a><\/p><\/blockquote>\n<p><script async src=\"https:\/\/platform.twitter.com\/widgets.js\" charset=\"utf-8\"><\/script><\/p>\n<p>Vorweg: wir k\u00f6nnen das beste Plakat dieser Wahl nicht toppen: Hier k\u00f6nnte ein Nazi h\u00e4ngen. Und w\u00e4hrend <a href=\"http:\/\/www.taz.de\/!5328491\/\">die Taz dieses Plakat absolut nicht verstehen wollte<\/a>, erleben wir es in der Praxis immer wieder. Schlimmer noch: es gibt Stra\u00dfenz\u00fcge, in denen wir kaum noch Platz f\u00fcr eigene Plakate finden!<\/p>\n<p>Die Story zu diesem Plakat: als wir in der Edisonstra\u00dfe ankamen, wurden wir mit offenen Armen begr\u00fc\u00dft. Ein Passant wollte unsere Leiter haben, um damit die NPD-Plakate herunter zu rei\u00dfen. Dies w\u00e4re Beihilfe zur Straftat. Mit unserer L\u00f6sung war er auch zufrieden!<\/p>\n<p>Im Allende-Viertel brauchten wir das Plakat dagegen wirklich:<\/p>\n<blockquote class=\"twitter-tweet\" data-width=\"500\" data-dnt=\"true\">\n<p lang=\"de\" dir=\"ltr\">NPD, AfD umgeklappt und proD an einen Mast. Allende am Ende. <a href=\"https:\/\/twitter.com\/hashtag\/WahlplakateFromHell?src=hash&amp;ref_src=twsrc%5Etfw\">#WahlplakateFromHell<\/a> <a href=\"https:\/\/twitter.com\/hashtag\/bvvtk?src=hash&amp;ref_src=twsrc%5Etfw\">#bvvtk<\/a> <a href=\"https:\/\/twitter.com\/hashtag\/agh16?src=hash&amp;ref_src=twsrc%5Etfw\">#agh16<\/a> <a href=\"https:\/\/t.co\/8gxsV9TLrB\">pic.twitter.com\/8gxsV9TLrB<\/a><\/p>\n<p>&mdash; Piraten TK (@Piraten_TK) <a href=\"https:\/\/twitter.com\/Piraten_TK\/status\/768559225559740420?ref_src=twsrc%5Etfw\">August 24, 2016<\/a><\/p><\/blockquote>\n<p><script async src=\"https:\/\/platform.twitter.com\/widgets.js\" charset=\"utf-8\"><\/script><\/p>\n<h2><strong>8.6. Lieber Nazis stoppen<\/strong><\/h2>\n<p><strong>Plakate: #218, #219<\/strong><\/p>\n<blockquote class=\"twitter-tweet\" data-width=\"500\" data-dnt=\"true\">\n<p lang=\"de\" dir=\"ltr\">Unsere Pr\u00e4ferenz, was zu stoppen gilt. <a href=\"https:\/\/twitter.com\/hashtag\/WahlplakateFromHell?src=hash&amp;ref_src=twsrc%5Etfw\">#WahlplakateFromHell<\/a> <a href=\"https:\/\/twitter.com\/hashtag\/bvvtk?src=hash&amp;ref_src=twsrc%5Etfw\">#bvvtk<\/a> <a href=\"https:\/\/twitter.com\/hashtag\/agh16?src=hash&amp;ref_src=twsrc%5Etfw\">#agh16<\/a> <a href=\"https:\/\/t.co\/5JRw5go5Ww\">pic.twitter.com\/5JRw5go5Ww<\/a><\/p>\n<p>&mdash; Piraten TK (@Piraten_TK) <a href=\"https:\/\/twitter.com\/Piraten_TK\/status\/770669978358059008?ref_src=twsrc%5Etfw\">August 30, 2016<\/a><\/p><\/blockquote>\n<p><script async src=\"https:\/\/platform.twitter.com\/widgets.js\" charset=\"utf-8\"><\/script><\/p>\n<p>Wir fahren zum Plakatieren durch den Bezirk. Und lesen immer wieder, was eine braune Partei alles stoppen will.\u00a0Also reagierten wir spontan. Leerplakat geholt. Vor Ort beschriftet. Und kam war es fertig, fragte uns schon ein Passant, ob er das Plakat haben darf. Aber gerne doch! Aber hey, bitte schick uns ein Bild vom Plakat #218!<\/p>\n<h2><strong>8.7. Keine Haselnuss-Koalition in Altglienicke<br \/>\n<\/strong><\/h2>\n<p><strong>Plakate: #129, #132, #176, #177<\/strong><\/p>\n<blockquote class=\"twitter-tweet\" data-width=\"500\" data-dnt=\"true\">\n<p lang=\"de\" dir=\"ltr\">Klare Ansage an <a href=\"https:\/\/twitter.com\/KatrinVogel?ref_src=twsrc%5Etfw\">@KatrinVogel<\/a>: schwarz-braun wollen wir nicht! <a href=\"https:\/\/twitter.com\/hashtag\/WahlplakateFromHell?src=hash&amp;ref_src=twsrc%5Etfw\">#WahlplakateFromHell<\/a> <a href=\"https:\/\/twitter.com\/hashtag\/bvvtk?src=hash&amp;ref_src=twsrc%5Etfw\">#bvvtk<\/a> <a href=\"https:\/\/twitter.com\/hashtag\/agh16?src=hash&amp;ref_src=twsrc%5Etfw\">#agh16<\/a> <a href=\"https:\/\/t.co\/wnMzOP9SiK\">pic.twitter.com\/wnMzOP9SiK<\/a><\/p>\n<p>&mdash; Piraten TK (@Piraten_TK) <a href=\"https:\/\/twitter.com\/Piraten_TK\/status\/769117985902649344?ref_src=twsrc%5Etfw\">August 26, 2016<\/a><\/p><\/blockquote>\n<p><script async src=\"https:\/\/platform.twitter.com\/widgets.js\" charset=\"utf-8\"><\/script><\/p>\n<p>Klare Ansage an Katrin Vogel (CDU), die regelm\u00e4\u00dfig Demonstrationen f\u00fcr besorgte B\u00fcrger organisiert, anstelle die Menschen aufkl\u00e4rt. Wir wollen keine Haselnuss-Koalition.<\/p>\n<h1><strong>8.8. Es geht auch ohne Henkel<\/strong><\/h1>\n<p><strong>Plakate: #194, #195<\/strong><\/p>\n<blockquote class=\"twitter-tweet\" data-width=\"500\" data-dnt=\"true\">\n<p lang=\"de\" dir=\"ltr\">Damit Berlin wieder alle Tassen im Schrank hat&#8230; <a href=\"https:\/\/twitter.com\/hashtag\/WahlplakateFromHell?src=hash&amp;ref_src=twsrc%5Etfw\">#WahlplakateFromHell<\/a> <a href=\"https:\/\/twitter.com\/hashtag\/bvvtk?src=hash&amp;ref_src=twsrc%5Etfw\">#bvvtk<\/a> <a href=\"https:\/\/twitter.com\/hashtag\/agh16?src=hash&amp;ref_src=twsrc%5Etfw\">#agh16<\/a> <a href=\"https:\/\/t.co\/KPC0muc00x\">pic.twitter.com\/KPC0muc00x<\/a><\/p>\n<p>&mdash; Piraten TK (@Piraten_TK) <a href=\"https:\/\/twitter.com\/Piraten_TK\/status\/770702275820093445?ref_src=twsrc%5Etfw\">August 30, 2016<\/a><\/p><\/blockquote>\n<p><script async src=\"https:\/\/platform.twitter.com\/widgets.js\" charset=\"utf-8\"><\/script><\/p>\n<p>Ja, Berlin geht besser ohne Henkel. Das sp\u00fcren derzeit nicht nur die Menschen, die in der Rigaer Stra\u00dfe leben.<\/p>\n<h1>9. Konstruktiv<\/h1>\n<h2><strong>9.1\u00a0Mehr aufgewecktes Engagement:<\/strong><\/h2>\n<p><strong>Plakat: #160, #166, #167, #228<\/strong><\/p>\n<blockquote class=\"twitter-tweet\" data-width=\"500\" data-dnt=\"true\">\n<p lang=\"de\" dir=\"ltr\">Zu finden in der Alfred-Randt-Strasse. Ihr wisst, warum! <a href=\"https:\/\/twitter.com\/hashtag\/WahlplakateFromHell?src=hash&amp;ref_src=twsrc%5Etfw\">#WahlplakateFromHell<\/a> <a href=\"https:\/\/twitter.com\/hashtag\/bvvtk?src=hash&amp;ref_src=twsrc%5Etfw\">#bvvtk<\/a> <a href=\"https:\/\/twitter.com\/hashtag\/agh16?src=hash&amp;ref_src=twsrc%5Etfw\">#agh16<\/a> <a href=\"https:\/\/t.co\/WK9ljcSRKR\">pic.twitter.com\/WK9ljcSRKR<\/a><\/p>\n<p>&mdash; Piraten TK (@Piraten_TK) <a href=\"https:\/\/twitter.com\/Piraten_TK\/status\/769116019214417921?ref_src=twsrc%5Etfw\">August 26, 2016<\/a><\/p><\/blockquote>\n<p><script async src=\"https:\/\/platform.twitter.com\/widgets.js\" charset=\"utf-8\"><\/script><\/p>\n<p>Und um mit einem Positiven Statement zu enden: mehr aufgewecktes Engagement!<\/p>\n<h2><strong>9.2. Das Rathaus auf den Kopf stellen<\/strong><\/h2>\n<p><strong>Plakate: #144, #155<\/strong><\/p>\n<blockquote class=\"twitter-tweet\" data-width=\"500\" data-dnt=\"true\">\n<p lang=\"de\" dir=\"ltr\">Ja, das werden die <a href=\"https:\/\/twitter.com\/PiratenBerlin?ref_src=twsrc%5Etfw\">@PiratenBerlin<\/a> weiter tun. <a href=\"https:\/\/twitter.com\/hashtag\/WahlplakateFromHell?src=hash&amp;ref_src=twsrc%5Etfw\">#WahlplakateFromHell<\/a> <a href=\"https:\/\/twitter.com\/hashtag\/bvvtk?src=hash&amp;ref_src=twsrc%5Etfw\">#bvvtk<\/a> <a href=\"https:\/\/twitter.com\/hashtag\/agh16?src=hash&amp;ref_src=twsrc%5Etfw\">#agh16<\/a> <a href=\"https:\/\/t.co\/wYLw8yMHbW\">pic.twitter.com\/wYLw8yMHbW<\/a><\/p>\n<p>&mdash; Piraten TK (@Piraten_TK) <a href=\"https:\/\/twitter.com\/Piraten_TK\/status\/769118698686803968?ref_src=twsrc%5Etfw\">August 26, 2016<\/a><\/p><\/blockquote>\n<p><script async src=\"https:\/\/platform.twitter.com\/widgets.js\" charset=\"utf-8\"><\/script><\/p>\n<p>Keine weitere Erkl\u00e4rung n\u00f6tig!<\/p>\n<h2><strong>9.3. Bis zu drei Kreuze m\u00f6glich<\/strong><\/h2>\n<p><strong>Am 18.09. w\u00e4hlen &#8211; Mitmachen &#8211; Mitglied werden.<\/strong><\/p>\n<p><strong>Plakate: (#190), #191, #192, #226, (#231)<\/strong><\/p>\n<blockquote class=\"twitter-tweet\" data-width=\"500\" data-dnt=\"true\">\n<p lang=\"de\" dir=\"ltr\">Nicht nur w\u00e4hlen, auch Mitmachen! <a href=\"https:\/\/twitter.com\/hashtag\/WahlplakateFromHell?src=hash&amp;ref_src=twsrc%5Etfw\">#WahlplakateFromHell<\/a> <a href=\"https:\/\/twitter.com\/hashtag\/bvvtk?src=hash&amp;ref_src=twsrc%5Etfw\">#bvvtk<\/a> <a href=\"https:\/\/twitter.com\/hashtag\/agh16?src=hash&amp;ref_src=twsrc%5Etfw\">#agh16<\/a> <a href=\"https:\/\/t.co\/jNvEJjuVXH\">pic.twitter.com\/jNvEJjuVXH<\/a><\/p>\n<p>&mdash; Piraten TK (@Piraten_TK) <a href=\"https:\/\/twitter.com\/Piraten_TK\/status\/770624420406763520?ref_src=twsrc%5Etfw\">August 30, 2016<\/a><\/p><\/blockquote>\n<p><script async src=\"https:\/\/platform.twitter.com\/widgets.js\" charset=\"utf-8\"><\/script><\/p>\n<p>Nicht nur unsere Plakat toll finden und uns dann w\u00e4hlen: wir sind eine Mitmachpartei!<\/p>\n<p>In dieser Form gibt es auch Plakate mit der Aufschrift: &#8222;Du kannst und nicht nur w\u00e4hlen! Du kannst auch mitmachen!&#8220; (#190)<\/p>\n<h2>9.4. 10 Jahre Piraten &#8211; Ein Grund zu feiern!<\/h2>\n<p><strong>Plakate: #244, #245<\/strong><\/p>\n<blockquote class=\"twitter-tweet\" data-width=\"500\" data-dnt=\"true\">\n<p lang=\"de\" dir=\"ltr\">10 Jahre <a href=\"https:\/\/twitter.com\/Piratepartei?ref_src=twsrc%5Etfw\">@Piratepartei<\/a>. Wir feiern mit den <a href=\"https:\/\/twitter.com\/PiratenBerlin?ref_src=twsrc%5Etfw\">@PiratenBerlin<\/a> im RAW. <a href=\"https:\/\/twitter.com\/hashtag\/WahlplakateFromHell?src=hash&amp;ref_src=twsrc%5Etfw\">#WahlplakateFromHell<\/a> <a href=\"https:\/\/twitter.com\/hashtag\/bvvtk?src=hash&amp;ref_src=twsrc%5Etfw\">#bvvtk<\/a> <a href=\"https:\/\/twitter.com\/hashtag\/agh16?src=hash&amp;ref_src=twsrc%5Etfw\">#agh16<\/a> <a href=\"https:\/\/t.co\/afQiu7UtNW\">pic.twitter.com\/afQiu7UtNW<\/a><\/p>\n<p>&mdash; Piraten TK (@Piraten_TK) <a href=\"https:\/\/twitter.com\/Piraten_TK\/status\/774368033586438144?ref_src=twsrc%5Etfw\">September 9, 2016<\/a><\/p><\/blockquote>\n<p><script async src=\"https:\/\/platform.twitter.com\/widgets.js\" charset=\"utf-8\"><\/script><\/p>\n<p>Zugegeben: wir waren frech und haben die G\u00e4ste vom Lollapalooza-Festival auf unseren Geburtstag hingewiesen.<\/p>\n<p>&nbsp;<\/p>\n<h2><strong>9.5 N\u00e4chstes Gro\u00dfereignis: Piraten w\u00e4hlen am 18.09.<\/strong><\/h2>\n<p><strong>Plakate: #240, #241, #244, #245<\/strong><\/p>\n<blockquote class=\"twitter-tweet\" data-width=\"500\" data-dnt=\"true\">\n<p lang=\"de\" dir=\"ltr\">N\u00e4chstes Gro\u00dfevent in Berlin, nicht verpassen. <a href=\"https:\/\/twitter.com\/hashtag\/WahlplakateFromHell?src=hash&amp;ref_src=twsrc%5Etfw\">#WahlplakateFromHell<\/a> <a href=\"https:\/\/twitter.com\/hashtag\/bvvtk?src=hash&amp;ref_src=twsrc%5Etfw\">#bvvtk<\/a> <a href=\"https:\/\/twitter.com\/hashtag\/agh16?src=hash&amp;ref_src=twsrc%5Etfw\">#agh16<\/a> <a href=\"https:\/\/t.co\/afQiu7UtNW\">pic.twitter.com\/afQiu7UtNW<\/a> <a href=\"https:\/\/t.co\/PVU2ayJ9Ma\">pic.twitter.com\/PVU2ayJ9Ma<\/a><\/p>\n<p>&mdash; Piraten TK (@Piraten_TK) <a href=\"https:\/\/twitter.com\/Piraten_TK\/status\/774368501427425280?ref_src=twsrc%5Etfw\">September 9, 2016<\/a><\/p><\/blockquote>\n<p><script async src=\"https:\/\/platform.twitter.com\/widgets.js\" charset=\"utf-8\"><\/script><\/p>\n<p>Dies ist die R\u00fcckseite zum Geburtstagsplakat &#8211; nat\u00fcrlich so platziert, dass man es beim Verlassen sieht.<\/p>\n<h2><strong>9.6. Wiedereinzug m\u00f6glich!<\/strong><\/h2>\n<p><strong>Plakate: #178, #179, #246<\/strong><\/p>\n<blockquote class=\"twitter-tweet\" data-width=\"500\" data-dnt=\"true\">\n<p lang=\"de\" dir=\"ltr\">Zu den ganzen \u201cLohnt sich das\u201c-Fragen: JA!!! <a href=\"https:\/\/twitter.com\/hashtag\/WahlplakateFromHell?src=hash&amp;ref_src=twsrc%5Etfw\">#WahlplakateFromHell<\/a> <a href=\"https:\/\/twitter.com\/hashtag\/bvvtk?src=hash&amp;ref_src=twsrc%5Etfw\">#bvvtk<\/a> <a href=\"https:\/\/twitter.com\/hashtag\/agh16?src=hash&amp;ref_src=twsrc%5Etfw\">#agh16<\/a> <a href=\"https:\/\/t.co\/39tFACjfqH\">https:\/\/t.co\/39tFACjfqH<\/a> <a href=\"https:\/\/t.co\/5HTqt2XxcX\">pic.twitter.com\/5HTqt2XxcX<\/a><\/p>\n<p>&mdash; Piraten TK (@Piraten_TK) <a href=\"https:\/\/twitter.com\/Piraten_TK\/status\/770674133537550336?ref_src=twsrc%5Etfw\">August 30, 2016<\/a><\/p><\/blockquote>\n<p><script async src=\"https:\/\/platform.twitter.com\/widgets.js\" charset=\"utf-8\"><\/script><\/p>\n<p>Ja, es ist m\u00f6glich. Sonst w\u00fcrden wir es ja nicht machen! \u00dcbrigens setzen wir uns daf\u00fcr ein, dass diese Sperrklauseln reduziert bzw.\u00a0abgeschafft werden. Nicht nur f\u00fcr uns. Es ist unser demokratisches Verst\u00e4ndnis.<\/p>\n<p>\u00dcbrigens: Das ist auch das Verst\u00e4ndnis der Gr\u00fcnen. In ihren <a href=\"https:\/\/www.gruene.de\/fileadmin\/user_upload\/Dokumente\/Satzung\/150425_-_Satzung_Bundesverband.pdf\">Grundkonsens <\/a>steht:<\/p>\n<blockquote><p>In den Parlamenten selbst wird Demokratie in der Regel durch Sperrklauseln, das \u00dcbergewicht der Exekutive, den Fraktionszwang, Abh\u00e4ngigkeiten von Spendengeldern u.a. nur unbefriedigend und verst\u00fcmmelt praktiziert.<\/p><\/blockquote>\n<p>Deshalb setzen sich die Gr\u00fcnen in der NRW f\u00fcr die Einf\u00fchrung einer Sperrklausel auf Kommunalebene ein, gegen die <a href=\"https:\/\/www.piratenpartei-nrw.de\/2015\/09\/22\/piraten-klagen-gegen-die-sperrklausel\/\">nur die Piraten stimmten und nun leider klagen m\u00fcssen!<\/a><\/p>\n<h1>Schlussworte:<\/h1>\n<p>Hast du noch weitere Vorschl\u00e4ge? Ein paar Blanko-Plakate gibt es hier noch!<\/p>\n<p>Ansonsten freuen wir uns, wenn Du uns deine Stimme am 18.9. gibst!<\/p>\n","protected":false},"excerpt":{"rendered":"<p>In Treptow-K\u00f6penick werden ab dem 23.08. sehr individuelle Plakate gehangen, die wir euch hier gerne zeigen! Einige basieren auf Vorlagen, wie die zum Spreepark oder zu den Fahrradstra\u00dfen. Viele sind einzeln angefertigte Unikate mit Seriennummern! Wenn du ein Plakat mit Nummer siehst, kannst du sie hier suchen!<\/p>\n<p> 0 Lollapalooza <\/p>\n<p>Die Tagespolitik zwingt uns, zu Lollapalooza <a href=\"https:\/\/blogs.piratech.de\/treptow-koepenick\/2016\/08\/23\/wahlplakate-from-hell\/\">[&#8230;]<\/a><\/p>\n","protected":false},"author":68,"featured_media":0,"comment_status":"open","ping_status":"open","sticky":false,"template":"","format":"standard","meta":{"footnotes":""},"categories":[4,21],"tags":[],"class_list":["post-154983","post","type-post","status-publish","format-standard","hentry","category-bvv","category-wahlkampf"],"_links":{"self":[{"href":"https:\/\/blogs.piratech.de\/treptow-koepenick\/wp-json\/wp\/v2\/posts\/154983","targetHints":{"allow":["GET"]}}],"collection":[{"href":"https:\/\/blogs.piratech.de\/treptow-koepenick\/wp-json\/wp\/v2\/posts"}],"about":[{"href":"https:\/\/blogs.piratech.de\/treptow-koepenick\/wp-json\/wp\/v2\/types\/post"}],"author":[{"embeddable":true,"href":"https:\/\/blogs.piratech.de\/treptow-koepenick\/wp-json\/wp\/v2\/users\/68"}],"replies":[{"embeddable":true,"href":"https:\/\/blogs.piratech.de\/treptow-koepenick\/wp-json\/wp\/v2\/comments?post=154983"}],"version-history":[{"count":27,"href":"https:\/\/blogs.piratech.de\/treptow-koepenick\/wp-json\/wp\/v2\/posts\/154983\/revisions"}],"predecessor-version":[{"id":155050,"href":"https:\/\/blogs.piratech.de\/treptow-koepenick\/wp-json\/wp\/v2\/posts\/154983\/revisions\/155050"}],"wp:attachment":[{"href":"https:\/\/blogs.piratech.de\/treptow-koepenick\/wp-json\/wp\/v2\/media?parent=154983"}],"wp:term":[{"taxonomy":"category","embeddable":true,"href":"https:\/\/blogs.piratech.de\/treptow-koepenick\/wp-json\/wp\/v2\/categories?post=154983"},{"taxonomy":"post_tag","embeddable":true,"href":"https:\/\/blogs.piratech.de\/treptow-koepenick\/wp-json\/wp\/v2\/tags?post=154983"}],"curies":[{"name":"wp","href":"https:\/\/api.w.org\/{rel}","templated":true}]}}