{"id":906,"date":"2015-10-04T21:03:06","date_gmt":"2015-10-04T19:03:06","guid":{"rendered":"http:\/\/piraten-steglitz-zehlendorf.de\/?p=906"},"modified":"2015-10-04T21:03:06","modified_gmt":"2015-10-04T19:03:06","slug":"steglitz-zehlendorfer-piraten-in-landesaemter-gewaehlt","status":"publish","type":"post","link":"https:\/\/blogs.piratech.de\/steglitz-zehlendorf\/2015\/10\/04\/steglitz-zehlendorfer-piraten-in-landesaemter-gewaehlt\/","title":{"rendered":"Steglitz-Zehlendorfer Piraten in Landes\u00e4mter gew\u00e4hlt"},"content":{"rendered":"<p><a href=\"http:\/\/blogs.piratech.de\/steglitz-zehlendorf\/wp-content\/uploads\/sites\/18\/2015\/10\/LMVB151-Berlin.jpg\"><img loading=\"lazy\" decoding=\"async\" class=\"alignleft size-full wp-image-908\" src=\"http:\/\/blogs.piratech.de\/steglitz-zehlendorf\/wp-content\/uploads\/sites\/18\/2015\/10\/LMVB151-Berlin.jpg\" alt=\"LMVB151 Berlin\" width=\"300\" height=\"177\" \/><\/a>Die Landesmitgliederversammlung der Piratenpartei Berlin (LMVB) hat am 3. und 4. Oktober einen neuen Landesvorstand und weitere Partei\u00e4mter gew\u00e4hlt.<br \/>\nZum neuen Landesvorstand geh\u00f6ren jetzt auch die Steglitz-Zehlendorfer Piraten <strong>Gerwald Claus Brunner<\/strong> und <strong>Lothar Kurtz<\/strong>.<br \/>\nDer alte Vorsitzende ist auch der neue. <strong>Bruno Gerd Kramm<\/strong> wurde als 1. Vorsitzender best\u00e4tigt.<br \/>\nMit Simon Kowalewski und Gerwald Claus-Brunner haben wir jetzt zwei Mitglieder des Abgeordnetenhauses im Vorstand.<br \/>\nDer Vorstand besteht aus 4 Frauen und 6 M\u00e4nnern. Mit Petra Stoll und Therese Lehnen bekleiden zwei Frauen die beiden wichtigen Posten Polische*r Gesch\u00e4ftsf\u00fchrer*in und GeneralSekret\u00e4r*in.<\/p>\n<p>Die Versammlung hat drei weitere, in Steglitz-Zehlendorfer aktive Pirat*innen ins Landesschiedsgericht (wieder)gew\u00e4hlt:<\/p>\n<ul>\n<li><strong>Bettina G\u00fcnter<\/strong> (Vorsitzende)<\/li>\n<li><strong>Georg von Boroviczeny<\/strong><\/li>\n<li><strong>Michael Delfs<\/strong> (Ersatzrichter)<\/li>\n<\/ul>\n<p><strong>Andr\u00e9 Lefeber<\/strong> aus Steglitz Zehlendorf ist jetzt Versammlungsleiter der St\u00e4ndigen Mitgliederversammlung (SMVB), dem virtuellen Abstimmungs-Tool der Piraten Berlin.<br \/>\nDer neue Landesvorstand besteht aus:<br \/>\n1. Vorsitzender Bruno Gerd Kramm<br \/>\n2. Vorsitzender: Simon Kowalewski<br \/>\nSchatzmeister: Achim Weinberger<br \/>\nGeneralsekret\u00e4rin: Petra Stoll<br \/>\nPolitische Gesch\u00e4ftsf\u00fchrerin: Therese Lehnen<br \/>\n5 Beisitzern:<\/p>\n<ul>\n<li>Jessica Zinn<\/li>\n<li>Lothar Kurtz<\/li>\n<li>Gerwald Claus-Brunner<\/li>\n<li>Franz Josef Schmitt<\/li>\n<li>Claudia Simon<\/li>\n<\/ul>\n<p><a href=\"http:\/\/blogs.piratech.de\/steglitz-zehlendorf\/wp-content\/uploads\/sites\/18\/2015\/10\/XX-IMG_0845.jpg\"><img loading=\"lazy\" decoding=\"async\" class=\"alignleft size-full wp-image-910\" src=\"http:\/\/blogs.piratech.de\/steglitz-zehlendorf\/wp-content\/uploads\/sites\/18\/2015\/10\/XX-IMG_0845.jpg\" alt=\"XX IMG_0845\" width=\"2592\" height=\"1936\" srcset=\"https:\/\/blogs.piratech.de\/steglitz-zehlendorf\/wp-content\/uploads\/sites\/18\/2015\/10\/XX-IMG_0845.jpg 2592w, https:\/\/blogs.piratech.de\/steglitz-zehlendorf\/wp-content\/uploads\/sites\/18\/2015\/10\/XX-IMG_0845-300x224.jpg 300w, https:\/\/blogs.piratech.de\/steglitz-zehlendorf\/wp-content\/uploads\/sites\/18\/2015\/10\/XX-IMG_0845-1024x765.jpg 1024w\" sizes=\"auto, (max-width: 2592px) 100vw, 2592px\" \/><\/a><\/p>\n","protected":false},"excerpt":{"rendered":"<p>Die Landesmitgliederversammlung der Piratenpartei Berlin (LMVB) hat am 3. und 4. Oktober einen neuen Landesvorstand und weitere Partei\u00e4mter gew\u00e4hlt. Zum neuen Landesvorstand geh\u00f6ren jetzt auch die Steglitz-Zehlendorfer Piraten Gerwald Claus Brunner und Lothar Kurtz. Der alte Vorsitzende ist auch der &hellip; <a href=\"https:\/\/blogs.piratech.de\/steglitz-zehlendorf\/2015\/10\/04\/steglitz-zehlendorfer-piraten-in-landesaemter-gewaehlt\/\">Weiterlesen <span class=\"meta-nav\">&rarr;<\/span><\/a><\/p>\n","protected":false},"author":88,"featured_media":0,"comment_status":"open","ping_status":"open","sticky":false,"template":"","format":"standard","meta":{"footnotes":""},"categories":[4,5,7,10],"tags":[20,21],"class_list":["post-906","post","type-post","status-publish","format-standard","hentry","category-in-eigener-sache","category-landespolitik","category-neues-aus-dem-bezirk","category-uncategorized","tag-landesmitgliederversammlung","tag-landesvorstand"],"_links":{"self":[{"href":"https:\/\/blogs.piratech.de\/steglitz-zehlendorf\/wp-json\/wp\/v2\/posts\/906","targetHints":{"allow":["GET"]}}],"collection":[{"href":"https:\/\/blogs.piratech.de\/steglitz-zehlendorf\/wp-json\/wp\/v2\/posts"}],"about":[{"href":"https:\/\/blogs.piratech.de\/steglitz-zehlendorf\/wp-json\/wp\/v2\/types\/post"}],"author":[{"embeddable":true,"href":"https:\/\/blogs.piratech.de\/steglitz-zehlendorf\/wp-json\/wp\/v2\/users\/88"}],"replies":[{"embeddable":true,"href":"https:\/\/blogs.piratech.de\/steglitz-zehlendorf\/wp-json\/wp\/v2\/comments?post=906"}],"version-history":[{"count":0,"href":"https:\/\/blogs.piratech.de\/steglitz-zehlendorf\/wp-json\/wp\/v2\/posts\/906\/revisions"}],"wp:attachment":[{"href":"https:\/\/blogs.piratech.de\/steglitz-zehlendorf\/wp-json\/wp\/v2\/media?parent=906"}],"wp:term":[{"taxonomy":"category","embeddable":true,"href":"https:\/\/blogs.piratech.de\/steglitz-zehlendorf\/wp-json\/wp\/v2\/categories?post=906"},{"taxonomy":"post_tag","embeddable":true,"href":"https:\/\/blogs.piratech.de\/steglitz-zehlendorf\/wp-json\/wp\/v2\/tags?post=906"}],"curies":[{"name":"wp","href":"https:\/\/api.w.org\/{rel}","templated":true}]}}