{"id":46,"date":"2011-10-05T15:56:04","date_gmt":"2011-10-05T13:56:04","guid":{"rendered":"http:\/\/piraten-spandau.de\/2011\/10\/05\/rathausbvv-einfuhrung\/"},"modified":"2011-10-05T15:56:04","modified_gmt":"2011-10-05T13:56:04","slug":"rathausbvv-einfuhrung","status":"publish","type":"post","link":"https:\/\/blogs.piratech.de\/spandau\/2011\/10\/05\/rathausbvv-einfuhrung\/","title":{"rendered":"Rathaus\/BVV Einf\u00fchrung"},"content":{"rendered":"<p style=\"text-align: justify\">Am 04.10.2011 wurden zwei Mitglieder der k\u00fcnftigen Spandauer BVV Fraktion der Piratenpartei &#8211; Marion Schunke (Mikk) und Emilio Paolini (Emu) &#8211; vom derzeitigen BVV Vorsteher J\u00fcrgen Vogt durch das Rathaus gef\u00fchrt. Mit dabei war ebenfalls Frau Angelika Rosenau vom BVV-B\u00fcro Spandau.<\/p>\n<p style=\"text-align: justify\">Die Begr\u00fc\u00dfung und auch die F\u00fchrung verliefen in einem sehr angenehmen Gespr\u00e4chsklima. Es wurden die potentiellen neuen Fraktionsr\u00e4ume besichtig, diverse Sitzungs- und Besprechungsr\u00e4ume und nat\u00fcrlich der B\u00fcrgersaal und der BVV-Sitzungssaal.<\/p>\n<p style=\"text-align: justify\">Vor allem der BVV-Sitzungssaal strahlte eine angenehme W\u00fcrde aus, Herr Vogt feilt bereits an der Sitzordnung der neuen BVV-Fraktionen, es hatte ja nach der Wahl am 18.09.2011 einige Ver\u00e4nderungen gegeben.<\/p>\n<p style=\"text-align: justify\">Die Piraten-Fraktion erhielt immer wieder n\u00fctzliche Hinweise und Tipps, wie bestimmte Dinge in der BVV Spandau und allgemein im Rathaus geregelt werden.<\/p>\n<p style=\"text-align: justify\">Die Spandauer Piraten-Fraktion m\u00f6chte sich hiermit ganz herzlich bei Frau Rosenau und Herrn Vogt f\u00fcr die nette Einf\u00fchrung bedanken und freut sich schon sehr auf die weitere Zusammenarbeit im Bezirk.<\/p>\n","protected":false},"excerpt":{"rendered":"<p style=\"text-align: justify\">Am 04.10.2011 wurden zwei Mitglieder der k\u00fcnftigen Spandauer BVV Fraktion der Piratenpartei &#8211; Marion Schunke (Mikk) und Emilio Paolini (Emu) &#8211; vom derzeitigen BVV Vorsteher J\u00fcrgen Vogt durch das Rathaus gef\u00fchrt. Mit dabei war ebenfalls Frau Angelika Rosenau vom BVV-B\u00fcro Spandau.<\/p>\n<p style=\"text-align: justify\">Die Begr\u00fc\u00dfung und auch die F\u00fchrung verliefen in einem sehr angenehmen Gespr\u00e4chsklima. Es wurden die [&#8230;]<\/p>\n","protected":false},"author":73,"featured_media":0,"comment_status":"open","ping_status":"open","sticky":false,"template":"","format":"standard","meta":{"footnotes":""},"categories":[8,4,5],"tags":[],"class_list":["post-46","post","type-post","status-publish","format-standard","hentry","category-bvv","category-spandau","category-transparenz"],"_links":{"self":[{"href":"https:\/\/blogs.piratech.de\/spandau\/wp-json\/wp\/v2\/posts\/46","targetHints":{"allow":["GET"]}}],"collection":[{"href":"https:\/\/blogs.piratech.de\/spandau\/wp-json\/wp\/v2\/posts"}],"about":[{"href":"https:\/\/blogs.piratech.de\/spandau\/wp-json\/wp\/v2\/types\/post"}],"author":[{"embeddable":true,"href":"https:\/\/blogs.piratech.de\/spandau\/wp-json\/wp\/v2\/users\/73"}],"replies":[{"embeddable":true,"href":"https:\/\/blogs.piratech.de\/spandau\/wp-json\/wp\/v2\/comments?post=46"}],"version-history":[{"count":0,"href":"https:\/\/blogs.piratech.de\/spandau\/wp-json\/wp\/v2\/posts\/46\/revisions"}],"wp:attachment":[{"href":"https:\/\/blogs.piratech.de\/spandau\/wp-json\/wp\/v2\/media?parent=46"}],"wp:term":[{"taxonomy":"category","embeddable":true,"href":"https:\/\/blogs.piratech.de\/spandau\/wp-json\/wp\/v2\/categories?post=46"},{"taxonomy":"post_tag","embeddable":true,"href":"https:\/\/blogs.piratech.de\/spandau\/wp-json\/wp\/v2\/tags?post=46"}],"curies":[{"name":"wp","href":"https:\/\/api.w.org\/{rel}","templated":true}]}}