{"id":738,"date":"2012-06-12T23:17:54","date_gmt":"2012-06-12T21:17:54","guid":{"rendered":"http:\/\/piratenpartei-friedrichshain-kreuzberg.de\/?p=738"},"modified":"2012-06-12T23:17:54","modified_gmt":"2012-06-12T21:17:54","slug":"die-fraktion-41-bvv-fraktion-friedrichshain-kreuzberg-probiert-neue-form-der-fraktionsarbeit-aus","status":"publish","type":"post","link":"https:\/\/blogs.piratech.de\/friedrichshain-kreuzberg\/2012\/06\/12\/die-fraktion-41-bvv-fraktion-friedrichshain-kreuzberg-probiert-neue-form-der-fraktionsarbeit-aus\/","title":{"rendered":"Die Fraktion 4+1 &#8211; BVV-Fraktion Friedrichshain-Kreuzberg probiert neue Form der Fraktionsarbeit aus"},"content":{"rendered":"<p>Seit vielen Monaten gab es in der BVV-Fraktion<br \/>\nFriedrichshain-Kreuzberg Spannungen zwischen einzelnen Fraktion\u00e4ren,<br \/>\ndie Zusammenarbeit gestaltete sich zunehmend schwierig. Auch das<br \/>\nArbeitsklima mit den Fraktionsangestellten verschlechterte sich, bis<br \/>\neine Fraktionsmitarbeiterin k\u00fcndigte, w\u00e4hrend der andere Mitarbeiter<br \/>\nkrank wurde.  Zust\u00e4nde, die dringend einer \u00c4nderungen bedurften, da<br \/>\nwaren sich w\u00e4hrend der gestrigen Sitzung sowohl die f\u00fcnf Fraktion\u00e4re,<br \/>\ndie B\u00fcrgerdeputierten und ihre Stellvertreter (Fraktion plus) sowie<br \/>\nweitere anwesende Piraten einig.<\/p>\n<p>Nach vielen vorangegangenen Einzel- und Kleingruppengespr\u00e4chen, einer<br \/>\nFraktionsklausur und unz\u00e4hligen Mails zeichnete sich ab, dass eine<br \/>\nL\u00f6sung eher in einer Entkopplung der Arbeit Einzelner von der<br \/>\ngemeinsamen Fraktionssitzung zu finden war als in Versuchen, die<br \/>\nArbeit in der gewohnten Form fortzuf\u00fchren. Auch nach der am 02.06.<br \/>\nabgehaltenen Gebietsversammlung war es nicht gelungen, die Situation<br \/>\nmittels der dort durch die Basis abgegebenen Empfehlungen zu<br \/>\nentspannen.<\/p>\n<p>Zur Sitzung sm Montag im Rathaus Kreuzberg hatte Andreas Pittrich (BD)<br \/>\nzwei externe Teilnehmer, Kay und Miriam (@_noujoum) eingeladen, um<br \/>\nm\u00f6glichst unparteiisch und sachlich zu moderieren und zu<br \/>\nprotokollieren.<\/p>\n<p>Zu Beginn der Sitzung schlug Jessica Zinn (Fraktionssprecherin mit<br \/>\nRalf Gerlich zusammen) vor, Fraktionssitzungen in kleinen Gruppen<br \/>\neinzurichten. Der Vorschlag erhielt allerdings keine Mehrheit, da<br \/>\nandere Fraktion\u00e4re und B\u00fcrgerdeputierte lieber weiterhin gemeinsame<br \/>\n&#8222;gro\u00dfe&#8220; Sitzungen abhalten wollen. Allerdings zeigte die<br \/>\nanschliessende Diskussion, dass die Mehrheit der Fraktion\u00e4re, der<br \/>\nB\u00fcrgerdeputierten und der \u00fcbrigen Piraten eine Zusammenarbeit in der<br \/>\nalten 5er Konstellation (Jez, Jana, Mike, Ralf, Felix) derzeit nicht<br \/>\nf\u00fcr die sinnvollste Option h\u00e4lt.<\/p>\n<p>Ralf und Felix brachten die Option ins Spiel, dass sie zur\u00fccktreten<br \/>\nund fraktionslos ihre Aussch\u00fcsse weiter betreuen k\u00f6nnten, w\u00e4hrend<br \/>\nJana, Jez und Mike die Fraktion f\u00fchren k\u00f6nnten. Diese Option stie\u00df<br \/>\njedoch bei den allermeisten Anwesenden auf wenig Gegenliebe. Nach<br \/>\nweiteren Diskussionen, die anstrengend, aber konstruktiv verliefen,<br \/>\nzeichnete sich folgendes Modell ab: Jez folgt ihrem Wunsch, nicht mehr<br \/>\nan den f\u00fcr sie nicht ergiebigen Fraktionssitzungen teilzunehmen, und<br \/>\nprobiert dies in Form einer sechsmonatigen Auszeit (zwei davon sind<br \/>\nohnehin sitzungsfrei) ab sofort aus. Sie nimmt weiterhin ihre<br \/>\nAussch\u00fcsse wahr. Die Kommunikation mit den anderen wird nat\u00fcrlich<br \/>\naufrechterhalten, um weiterhin Absprachen und Zusammenarbeit zu<br \/>\ngew\u00e4hrleisten.<\/p>\n<p>Die Fraktion einigte sich im Konsens darauf, diese Art der<br \/>\nFraktionsarbeit auszuprobieren. Wie dies genau abl\u00e4uft, wird in von<br \/>\nallen gemeinsam erarbeiteten Regularien noch festgelegt werden.<\/p>\n<p>Jessica legte im Verlauf der Sitzung ihr Amt als Fraktionssprecherin<br \/>\nnieder. Ralf Gerlich wurde kommissarisch zum alleinigen<br \/>\nFraktionssprecher benannt, seine dadurch entstandenen Mehreinnahmen<br \/>\nwird er g\u00e4nzlich an die Partei spenden. Neuwahlen zum Sprecher<br \/>\ninnerhalb der Fraktion sollen nach einstimmiger Meinung zu Beginn des<br \/>\nkommenden Jahres stattfinden.<\/p>\n<p>Rolf Sch\u00fcmer (derzeitiger ehrenamtlicher Fraktionsgesch\u00e4ftsf\u00fchrer)<br \/>\nwird bis zur Anstellung eines neuen Fraktionsassistenten befristet<br \/>\n(bis zum 15. September 2012) diese Funktion \u00fcbernehmen. Eine<br \/>\nStellenausschreibung mit Anforderungsprofil wird vorbereitet.<\/p>\n<p><strong>Update:<\/strong><\/p>\n<ul>\n<li><a href=\"https:\/\/wiki.piratenpartei.de\/BE:Friedrichshain-Kreuzberg\/BVV\/Fraktion\/Protokolle\/2012-06-11_-_Fraktionssitzung\">Link zum Protokoll<\/a><\/li>\n<li><a href=\"http:\/\/soundcloud.com\/derpupe\/20120611-frasi-xhain\"> Link zur Aufzeichnung:<\/a><\/li>\n<\/ul>\n<p>Michael Melter<br \/>\nPressesprecher BVV Fraktion Friedrichshain-Kreuzberg<\/p>\n","protected":false},"excerpt":{"rendered":"<p>Seit vielen Monaten gab es in der BVV-Fraktion<br \/> Friedrichshain-Kreuzberg Spannungen zwischen einzelnen Fraktion\u00e4ren,<br \/> die Zusammenarbeit gestaltete sich zunehmend schwierig. Auch das<br \/> Arbeitsklima mit den Fraktionsangestellten verschlechterte sich, bis<br \/> eine Fraktionsmitarbeiterin k\u00fcndigte, w\u00e4hrend der andere Mitarbeiter<br \/> krank wurde. Zust\u00e4nde, die dringend einer \u00c4nderungen bedurften, da<br \/> waren sich w\u00e4hrend der gestrigen <a href=\"https:\/\/blogs.piratech.de\/friedrichshain-kreuzberg\/2012\/06\/12\/die-fraktion-41-bvv-fraktion-friedrichshain-kreuzberg-probiert-neue-form-der-fraktionsarbeit-aus\/\">[&#8230;]<\/a><\/p>\n","protected":false},"author":57,"featured_media":0,"comment_status":"open","ping_status":"open","sticky":false,"template":"","format":"standard","meta":{"footnotes":""},"categories":[2,10,9],"tags":[],"class_list":["post-738","post","type-post","status-publish","format-standard","hentry","category-bvv","category-bvv-fraktion","category-uncategorized"],"_links":{"self":[{"href":"https:\/\/blogs.piratech.de\/friedrichshain-kreuzberg\/wp-json\/wp\/v2\/posts\/738","targetHints":{"allow":["GET"]}}],"collection":[{"href":"https:\/\/blogs.piratech.de\/friedrichshain-kreuzberg\/wp-json\/wp\/v2\/posts"}],"about":[{"href":"https:\/\/blogs.piratech.de\/friedrichshain-kreuzberg\/wp-json\/wp\/v2\/types\/post"}],"author":[{"embeddable":true,"href":"https:\/\/blogs.piratech.de\/friedrichshain-kreuzberg\/wp-json\/wp\/v2\/users\/57"}],"replies":[{"embeddable":true,"href":"https:\/\/blogs.piratech.de\/friedrichshain-kreuzberg\/wp-json\/wp\/v2\/comments?post=738"}],"version-history":[{"count":0,"href":"https:\/\/blogs.piratech.de\/friedrichshain-kreuzberg\/wp-json\/wp\/v2\/posts\/738\/revisions"}],"wp:attachment":[{"href":"https:\/\/blogs.piratech.de\/friedrichshain-kreuzberg\/wp-json\/wp\/v2\/media?parent=738"}],"wp:term":[{"taxonomy":"category","embeddable":true,"href":"https:\/\/blogs.piratech.de\/friedrichshain-kreuzberg\/wp-json\/wp\/v2\/categories?post=738"},{"taxonomy":"post_tag","embeddable":true,"href":"https:\/\/blogs.piratech.de\/friedrichshain-kreuzberg\/wp-json\/wp\/v2\/tags?post=738"}],"curies":[{"name":"wp","href":"https:\/\/api.w.org\/{rel}","templated":true}]}}